{"id":10108,"date":"2023-08-10T01:00:00","date_gmt":"2023-08-10T04:00:00","guid":{"rendered":"https:\/\/www.confere.org.br\/wordpress\/?p=10108"},"modified":"2023-05-10T14:08:25","modified_gmt":"2023-05-10T17:08:25","slug":"seminario-dos-fiscais-do-sistema-confere-cores-abril-2023","status":"publish","type":"post","link":"https:\/\/www.confere.org.br\/wordpress\/seminario-dos-fiscais-do-sistema-confere-cores-abril-2023\/","title":{"rendered":"Semin\u00e1rio dos Fiscais do Sistema Confere\/Cores &#8211; Agosto 2023"},"content":{"rendered":"\n<p>Semin\u00e1rio dos Fiscais do Sistema Confere\/Cores, a ser realizada, presencialmente, em Bras\u00edlia, nos dias 8, 9 e 10 de agosto do ano corrente, das 9h \u00e0s 17h, com intervalo de 1h para almo\u00e7o.<\/p>\n","protected":false},"excerpt":{"rendered":"<p>Semin\u00e1rio dos Fiscais do Sistema Confere\/Cores, a ser realizada, presencialmente, em Bras\u00edlia, nos dias 8, 9 e 10 de agosto do ano corrente, das 9h \u00e0s 17h, com intervalo de 1h para almo\u00e7o.<\/p>\n","protected":false},"author":3,"featured_media":0,"comment_status":"closed","ping_status":"closed","sticky":false,"template":"","format":"standard","meta":[],"categories":[61],"tags":[],"_links":{"self":[{"href":"https:\/\/www.confere.org.br\/wordpress\/wp-json\/wp\/v2\/posts\/10108"}],"collection":[{"href":"https:\/\/www.confere.org.br\/wordpress\/wp-json\/wp\/v2\/posts"}],"about":[{"href":"https:\/\/www.confere.org.br\/wordpress\/wp-json\/wp\/v2\/types\/post"}],"author":[{"embeddable":true,"href":"https:\/\/www.confere.org.br\/wordpress\/wp-json\/wp\/v2\/users\/3"}],"replies":[{"embeddable":true,"href":"https:\/\/www.confere.org.br\/wordpress\/wp-json\/wp\/v2\/comments?post=10108"}],"version-history":[{"count":5,"href":"https:\/\/www.confere.org.br\/wordpress\/wp-json\/wp\/v2\/posts\/10108\/revisions"}],"predecessor-version":[{"id":10938,"href":"https:\/\/www.confere.org.br\/wordpress\/wp-json\/wp\/v2\/posts\/10108\/revisions\/10938"}],"wp:attachment":[{"href":"https:\/\/www.confere.org.br\/wordpress\/wp-json\/wp\/v2\/media?parent=10108"}],"wp:term":[{"taxonomy":"category","embeddable":true,"href":"https:\/\/www.confere.org.br\/wordpress\/wp-json\/wp\/v2\/categories?post=10108"},{"taxonomy":"post_tag","embeddable":true,"href":"https:\/\/www.confere.org.br\/wordpress\/wp-json\/wp\/v2\/tags?post=10108"}],"curies":[{"name":"wp","href":"https:\/\/api.w.org\/{rel}","templated":true}]}}