{"id":10116,"date":"2023-04-24T01:00:00","date_gmt":"2023-04-24T04:00:00","guid":{"rendered":"https:\/\/www.confere.org.br\/wordpress\/?p=10116"},"modified":"2023-03-13T13:33:37","modified_gmt":"2023-03-13T16:33:37","slug":"seminario-dos-coordenadores-e-contabilistas-do-sistema-confere-cores-abril-2023-2","status":"publish","type":"post","link":"https:\/\/www.confere.org.br\/wordpress\/seminario-dos-coordenadores-e-contabilistas-do-sistema-confere-cores-abril-2023-2\/","title":{"rendered":"Semin\u00e1rio dos Coordenadores e Contabilistas do Sistema Confere\/Cores &#8211; Abril 2023"},"content":{"rendered":"\n<p>Semin\u00e1rio dos Coordenadores e Contabilistas do Sistema Confere\/Cores, a ser realizada, presencialmente, em Bras\u00edlia, de 24 a 28 de abril do ano corrente, das 9h \u00e0s 17h, com intervalo de 1h para almo\u00e7o.<\/p>\n","protected":false},"excerpt":{"rendered":"<p>Semin\u00e1rio dos Coordenadores e Contabilistas do Sistema Confere\/Cores, a ser realizada, presencialmente, em Bras\u00edlia, de 24 a 28 de abril do ano corrente, das 9h \u00e0s 17h, com intervalo de 1h para almo\u00e7o.<\/p>\n","protected":false},"author":3,"featured_media":0,"comment_status":"closed","ping_status":"closed","sticky":false,"template":"","format":"standard","meta":[],"categories":[61],"tags":[],"_links":{"self":[{"href":"https:\/\/www.confere.org.br\/wordpress\/wp-json\/wp\/v2\/posts\/10116"}],"collection":[{"href":"https:\/\/www.confere.org.br\/wordpress\/wp-json\/wp\/v2\/posts"}],"about":[{"href":"https:\/\/www.confere.org.br\/wordpress\/wp-json\/wp\/v2\/types\/post"}],"author":[{"embeddable":true,"href":"https:\/\/www.confere.org.br\/wordpress\/wp-json\/wp\/v2\/users\/3"}],"replies":[{"embeddable":true,"href":"https:\/\/www.confere.org.br\/wordpress\/wp-json\/wp\/v2\/comments?post=10116"}],"version-history":[{"count":4,"href":"https:\/\/www.confere.org.br\/wordpress\/wp-json\/wp\/v2\/posts\/10116\/revisions"}],"predecessor-version":[{"id":10573,"href":"https:\/\/www.confere.org.br\/wordpress\/wp-json\/wp\/v2\/posts\/10116\/revisions\/10573"}],"wp:attachment":[{"href":"https:\/\/www.confere.org.br\/wordpress\/wp-json\/wp\/v2\/media?parent=10116"}],"wp:term":[{"taxonomy":"category","embeddable":true,"href":"https:\/\/www.confere.org.br\/wordpress\/wp-json\/wp\/v2\/categories?post=10116"},{"taxonomy":"post_tag","embeddable":true,"href":"https:\/\/www.confere.org.br\/wordpress\/wp-json\/wp\/v2\/tags?post=10116"}],"curies":[{"name":"wp","href":"https:\/\/api.w.org\/{rel}","templated":true}]}}