{"id":10131,"date":"2023-01-10T17:28:05","date_gmt":"2023-01-10T20:28:05","guid":{"rendered":"https:\/\/www.confere.org.br\/wordpress\/?p=10131"},"modified":"2023-01-10T17:28:07","modified_gmt":"2023-01-10T20:28:07","slug":"2023-portaria-no-06-2023","status":"publish","type":"post","link":"https:\/\/www.confere.org.br\/wordpress\/2023-portaria-no-06-2023\/","title":{"rendered":"2023 &#8211; Portaria n\u00ba 06\/2023"},"content":{"rendered":"\n<p>Nomeia integrante substituto da Comiss\u00e3o Eleitoral da Elei\u00e7\u00e3o direta para o Core-AM, tri\u00eanio 2023\/2026.<\/p>\n<p><a href=\"https:\/\/www.confere.org.br\/wordpress\/wp-content\/uploads\/2023\/01\/Portaria-06.2023.pdf\">https:\/\/www.confere.org.br\/wordpress\/wp-content\/uploads\/2023\/01\/Portaria-06.2023.pdf<\/a><\/p>\n<p>\u00a0<\/p>\n\n\n","protected":false},"excerpt":{"rendered":"<p>06, Portaria, https:\/\/www.confere.org.br\/wordpress\/wp-content\/uploads\/2023\/01\/Portaria-06.2023.pdf<\/p>\n","protected":false},"author":3,"featured_media":0,"comment_status":"closed","ping_status":"closed","sticky":false,"template":"","format":"standard","meta":[],"categories":[52],"tags":[],"_links":{"self":[{"href":"https:\/\/www.confere.org.br\/wordpress\/wp-json\/wp\/v2\/posts\/10131"}],"collection":[{"href":"https:\/\/www.confere.org.br\/wordpress\/wp-json\/wp\/v2\/posts"}],"about":[{"href":"https:\/\/www.confere.org.br\/wordpress\/wp-json\/wp\/v2\/types\/post"}],"author":[{"embeddable":true,"href":"https:\/\/www.confere.org.br\/wordpress\/wp-json\/wp\/v2\/users\/3"}],"replies":[{"embeddable":true,"href":"https:\/\/www.confere.org.br\/wordpress\/wp-json\/wp\/v2\/comments?post=10131"}],"version-history":[{"count":1,"href":"https:\/\/www.confere.org.br\/wordpress\/wp-json\/wp\/v2\/posts\/10131\/revisions"}],"predecessor-version":[{"id":10132,"href":"https:\/\/www.confere.org.br\/wordpress\/wp-json\/wp\/v2\/posts\/10131\/revisions\/10132"}],"wp:attachment":[{"href":"https:\/\/www.confere.org.br\/wordpress\/wp-json\/wp\/v2\/media?parent=10131"}],"wp:term":[{"taxonomy":"category","embeddable":true,"href":"https:\/\/www.confere.org.br\/wordpress\/wp-json\/wp\/v2\/categories?post=10131"},{"taxonomy":"post_tag","embeddable":true,"href":"https:\/\/www.confere.org.br\/wordpress\/wp-json\/wp\/v2\/tags?post=10131"}],"curies":[{"name":"wp","href":"https:\/\/api.w.org\/{rel}","templated":true}]}}