{"id":10133,"date":"2023-01-11T09:53:16","date_gmt":"2023-01-11T12:53:16","guid":{"rendered":"https:\/\/www.confere.org.br\/wordpress\/?p=10133"},"modified":"2023-01-11T09:53:18","modified_gmt":"2023-01-11T12:53:18","slug":"poupanca-rende-mais-que-inflacao-pela-primeira-vez-desde-2018","status":"publish","type":"post","link":"https:\/\/www.confere.org.br\/wordpress\/poupanca-rende-mais-que-inflacao-pela-primeira-vez-desde-2018\/","title":{"rendered":"Poupan\u00e7a rende mais que infla\u00e7\u00e3o pela primeira vez desde 2018"},"content":{"rendered":"\n<p>O recuo da infla\u00e7\u00e3o em 2022 trouxe uma boa not\u00edcia para os investidores da aplica\u00e7\u00e3o financeira mais tradicional do pa\u00eds. Pela primeira vez em quatro anos, a caderneta de poupan\u00e7a rendeu mais que a infla\u00e7\u00e3o.<img src=\"https:\/\/agenciabrasil.ebc.com.br\/ebc.png?id=1503437&amp;o=node\"><img src=\"https:\/\/agenciabrasil.ebc.com.br\/ebc.gif?id=1503437&amp;o=node\"><\/p>\n\n\n\n<p>Em 2022, o \u00cdndice Nacional de Pre\u00e7os ao Consumidor Amplo (IPCA)<a href=\"https:\/\/agenciabrasil.ebc.com.br\/economia\/noticia\/2023-01\/inflacao-oficial-fecha-2022-em-579\" target=\"_blank\" rel=\"noreferrer noopener\">&nbsp;ficou em 5,79%<\/a>, conforme divulgou hoje (10) o Instituto Brasileiro de Geografia e Estat\u00edstica (IBGE) . O indicador \u00e9 considerado o \u00edndice oficial de infla\u00e7\u00e3o, usado pelo Banco Central (BC) para definir a taxa de juros.<\/p>\n\n\n\n<p>De acordo com a<a href=\"https:\/\/www3.bcb.gov.br\/CALCIDADAO\/publico\/exibirFormCorrecaoValores.do?method=exibirFormCorrecaoValores\" target=\"_blank\" rel=\"noreferrer noopener\">&nbsp;Calculadora do Cidad\u00e3o<\/a>, dispon\u00edvel na p\u00e1gina do BC na internet, uma aplica\u00e7\u00e3o na caderneta de poupan\u00e7a rendeu 7,9% em 12 meses. O valor considera uma aplica\u00e7\u00e3o feita em 1\u00ba de janeiro do ano passado e que n\u00e3o foi mexida at\u00e9 1\u00ba de janeiro de 2023.<\/p>\n\n\n\n<p>A \u00faltima vez em que a poupan\u00e7a tinha superado a infla\u00e7\u00e3o tinha sido em 2018, quando a caderneta havia rendido 0,85% acima do IPCA em 12 meses. Desde ent\u00e3o, a combina\u00e7\u00e3o entre infla\u00e7\u00e3o alta e juros baixos corroeu o rendimento da aplica\u00e7\u00e3o mais popular no pa\u00eds. O pior momento ocorreu em outubro de 2021, quando o aplicador perdeu 7,59% contra a infla\u00e7\u00e3o no acumulado de 12 meses.<\/p>\n\n\n\n<p>Apesar do rendimento acima da infla\u00e7\u00e3o, a poupan\u00e7a registrou desempenho inferior a outras aplica\u00e7\u00f5es de renda fixa. Os investimentos em Certificado de Dep\u00f3sito Banc\u00e1rio (CDB) renderam 12,25% no ano passado, 6,24 pontos percentuais acima da infla\u00e7\u00e3o. A caderneta, no entanto, superou a bolsa de valores. Num ano marcado por instabilidades, o \u00edndice Ibovespa subiu 4,69%, mas rendeu 1,04% a menos que o IPCA.<\/p>\n\n\n\n<p>De mar\u00e7o de 2021 a agosto de 2022, o BC elevou a taxa Selic (juros b\u00e1sicos da economia) de 2% para 13,75% ao ano. O IPCA, que at\u00e9 julho do ano passado superava os dois d\u00edgitos no acumulado em 12 meses, recuou ap\u00f3s tr\u00eas defla\u00e7\u00f5es consecutivas (agosto, setembro e outubro) provocadas principalmente pelo corte de impostos em combust\u00edveis, energia, telecomunica\u00e7\u00f5es e transporte coletivo. Esses dois fatores aos poucos reverteram a perda da poupan\u00e7a para a infla\u00e7\u00e3o.<\/p>\n\n\n\n<h2>Perspectivas<\/h2>\n\n\n\n<p>Atualmente, a poupan\u00e7a rende 6,17% ao ano mais a Taxa Referencial (TR). Essa regra vale quando a taxa Selic est\u00e1 acima de 8,5% ao ano, o que ocorre desde dezembro do ano passado. Quando os juros b\u00e1sicos est\u00e3o abaixo desse n\u00edvel, a poupan\u00e7a rende apenas 70% da Selic.<\/p>\n\n\n\n<p>Para 2023, a poupan\u00e7a continuar\u00e1 a ganhar da infla\u00e7\u00e3o. Na \u00faltima edi\u00e7\u00e3o do boletim Focus, pesquisa semanal com investidores divulgada pelo Banco Central, os analistas de mercado previam que o IPCA&nbsp;<a href=\"https:\/\/agenciabrasil.ebc.com.br\/economia\/noticia\/2023-01\/estimativa-do-mercado-para-inflacao-oficial-passa-de-531-para-536\" target=\"_blank\" rel=\"noreferrer noopener\">deve fechar este ano em 5,36%<\/a>. Como o boletim Focus tamb\u00e9m prev\u00ea que a Selic encerrar\u00e1 2022 em 12,25% ao ano, a caderneta continuar\u00e1 rendendo em torno de 7% no acumulado de 12 meses.<\/p>\n\n\n\n<p>A melhoria do rendimento deve ajudar a conter a fuga recorde de recursos da poupan\u00e7a observada em 2022. No ano passado, os brasileiros sacaram da aplica\u00e7\u00e3o financeira\u00a0<a rel=\"noreferrer noopener\" href=\"https:\/\/agenciabrasil.ebc.com.br\/economia\/noticia\/2023-01\/poupanca-tem-retirada-liquida-recorde-de-r-10324-bi-em-2022\" target=\"_blank\">R$ 103,24 bilh\u00f5es a mais<\/a>\u00a0do que depositaram. No m\u00eas passado, houve capta\u00e7\u00e3o l\u00edquida (mais dep\u00f3sitos que saques) de R$ 6,26 bilh\u00f5es, resultado impulsionado pelo pagamento da segunda parcela do d\u00e9cimo terceiro sal\u00e1rio.<\/p>\n\n\n\n<p>Fonte: Ag\u00eancia Brasil<\/p>\n","protected":false},"excerpt":{"rendered":"<p>Apesar de ganho real, aplica\u00e7\u00e3o rendeu menos que outros investimentos<\/p>\n","protected":false},"author":3,"featured_media":2634,"comment_status":"closed","ping_status":"closed","sticky":false,"template":"","format":"standard","meta":[],"categories":[2],"tags":[],"_links":{"self":[{"href":"https:\/\/www.confere.org.br\/wordpress\/wp-json\/wp\/v2\/posts\/10133"}],"collection":[{"href":"https:\/\/www.confere.org.br\/wordpress\/wp-json\/wp\/v2\/posts"}],"about":[{"href":"https:\/\/www.confere.org.br\/wordpress\/wp-json\/wp\/v2\/types\/post"}],"author":[{"embeddable":true,"href":"https:\/\/www.confere.org.br\/wordpress\/wp-json\/wp\/v2\/users\/3"}],"replies":[{"embeddable":true,"href":"https:\/\/www.confere.org.br\/wordpress\/wp-json\/wp\/v2\/comments?post=10133"}],"version-history":[{"count":1,"href":"https:\/\/www.confere.org.br\/wordpress\/wp-json\/wp\/v2\/posts\/10133\/revisions"}],"predecessor-version":[{"id":10134,"href":"https:\/\/www.confere.org.br\/wordpress\/wp-json\/wp\/v2\/posts\/10133\/revisions\/10134"}],"wp:featuredmedia":[{"embeddable":true,"href":"https:\/\/www.confere.org.br\/wordpress\/wp-json\/wp\/v2\/media\/2634"}],"wp:attachment":[{"href":"https:\/\/www.confere.org.br\/wordpress\/wp-json\/wp\/v2\/media?parent=10133"}],"wp:term":[{"taxonomy":"category","embeddable":true,"href":"https:\/\/www.confere.org.br\/wordpress\/wp-json\/wp\/v2\/categories?post=10133"},{"taxonomy":"post_tag","embeddable":true,"href":"https:\/\/www.confere.org.br\/wordpress\/wp-json\/wp\/v2\/tags?post=10133"}],"curies":[{"name":"wp","href":"https:\/\/api.w.org\/{rel}","templated":true}]}}