{"id":10172,"date":"2023-12-14T01:00:00","date_gmt":"2023-12-14T04:00:00","guid":{"rendered":"https:\/\/www.confere.org.br\/wordpress\/?p=10172"},"modified":"2024-02-21T10:52:01","modified_gmt":"2024-02-21T13:52:01","slug":"iii-reuniao-plenaria-ordinaria-dezembro-de-2023-3","status":"publish","type":"post","link":"https:\/\/www.confere.org.br\/wordpress\/iii-reuniao-plenaria-ordinaria-dezembro-de-2023-3\/","title":{"rendered":"III Reuni\u00e3o Plen\u00e1ria Ordin\u00e1ria \u2013 Dezembro de 2023"},"content":{"rendered":"\n<p>III Reuni\u00e3o Plen\u00e1ria Ordin\u00e1ria, a ser realizada, presencialmente, em Bras\u00edlia, nos dias 12, 13 e 14 de dezembro do ano corrente, das 9h \u00e0s 17h, com intervalo de 1h para almo\u00e7o.<\/p>\n","protected":false},"excerpt":{"rendered":"<p>III Reuni\u00e3o Plen\u00e1ria Ordin\u00e1ria, a ser realizada, presencialmente, em Bras\u00edlia, nos dias 12, 13 e 14 de dezembro do ano corrente, das 9h \u00e0s 17h, com intervalo de 1h para almo\u00e7o.<\/p>\n","protected":false},"author":3,"featured_media":0,"comment_status":"closed","ping_status":"closed","sticky":false,"template":"","format":"standard","meta":[],"categories":[61],"tags":[],"_links":{"self":[{"href":"https:\/\/www.confere.org.br\/wordpress\/wp-json\/wp\/v2\/posts\/10172"}],"collection":[{"href":"https:\/\/www.confere.org.br\/wordpress\/wp-json\/wp\/v2\/posts"}],"about":[{"href":"https:\/\/www.confere.org.br\/wordpress\/wp-json\/wp\/v2\/types\/post"}],"author":[{"embeddable":true,"href":"https:\/\/www.confere.org.br\/wordpress\/wp-json\/wp\/v2\/users\/3"}],"replies":[{"embeddable":true,"href":"https:\/\/www.confere.org.br\/wordpress\/wp-json\/wp\/v2\/comments?post=10172"}],"version-history":[{"count":2,"href":"https:\/\/www.confere.org.br\/wordpress\/wp-json\/wp\/v2\/posts\/10172\/revisions"}],"predecessor-version":[{"id":10174,"href":"https:\/\/www.confere.org.br\/wordpress\/wp-json\/wp\/v2\/posts\/10172\/revisions\/10174"}],"wp:attachment":[{"href":"https:\/\/www.confere.org.br\/wordpress\/wp-json\/wp\/v2\/media?parent=10172"}],"wp:term":[{"taxonomy":"category","embeddable":true,"href":"https:\/\/www.confere.org.br\/wordpress\/wp-json\/wp\/v2\/categories?post=10172"},{"taxonomy":"post_tag","embeddable":true,"href":"https:\/\/www.confere.org.br\/wordpress\/wp-json\/wp\/v2\/tags?post=10172"}],"curies":[{"name":"wp","href":"https:\/\/api.w.org\/{rel}","templated":true}]}}