{"id":10176,"date":"2023-01-12T16:34:05","date_gmt":"2023-01-12T19:34:05","guid":{"rendered":"https:\/\/www.confere.org.br\/wordpress\/?p=10176"},"modified":"2023-01-12T16:34:07","modified_gmt":"2023-01-12T19:34:07","slug":"2023-portaria-no-10-2023","status":"publish","type":"post","link":"https:\/\/www.confere.org.br\/wordpress\/2023-portaria-no-10-2023\/","title":{"rendered":"2023 &#8211; Portaria n\u00ba 10\/2023"},"content":{"rendered":"\n<p>Nomeia integrantes substitutos da Mesa Coletora\/Apuradora de votos da elei\u00e7\u00e3o direta para a composi\u00e7\u00e3o do Core-AM, tri\u00eanio 2023\/2026.<\/p>\n<p><a href=\"https:\/\/www.confere.org.br\/wordpress\/wp-content\/uploads\/2023\/01\/Portaria-10.2023.pdf\">https:\/\/www.confere.org.br\/wordpress\/wp-content\/uploads\/2023\/01\/Portaria-10.2023.pdf<\/a><\/p>\n\n\n","protected":false},"excerpt":{"rendered":"<p>10, Portaria, https:\/\/www.confere.org.br\/wordpress\/wp-content\/uploads\/2023\/01\/Portaria-10.2023.pdf<\/p>\n","protected":false},"author":3,"featured_media":0,"comment_status":"closed","ping_status":"closed","sticky":false,"template":"","format":"standard","meta":[],"categories":[52],"tags":[],"_links":{"self":[{"href":"https:\/\/www.confere.org.br\/wordpress\/wp-json\/wp\/v2\/posts\/10176"}],"collection":[{"href":"https:\/\/www.confere.org.br\/wordpress\/wp-json\/wp\/v2\/posts"}],"about":[{"href":"https:\/\/www.confere.org.br\/wordpress\/wp-json\/wp\/v2\/types\/post"}],"author":[{"embeddable":true,"href":"https:\/\/www.confere.org.br\/wordpress\/wp-json\/wp\/v2\/users\/3"}],"replies":[{"embeddable":true,"href":"https:\/\/www.confere.org.br\/wordpress\/wp-json\/wp\/v2\/comments?post=10176"}],"version-history":[{"count":1,"href":"https:\/\/www.confere.org.br\/wordpress\/wp-json\/wp\/v2\/posts\/10176\/revisions"}],"predecessor-version":[{"id":10178,"href":"https:\/\/www.confere.org.br\/wordpress\/wp-json\/wp\/v2\/posts\/10176\/revisions\/10178"}],"wp:attachment":[{"href":"https:\/\/www.confere.org.br\/wordpress\/wp-json\/wp\/v2\/media?parent=10176"}],"wp:term":[{"taxonomy":"category","embeddable":true,"href":"https:\/\/www.confere.org.br\/wordpress\/wp-json\/wp\/v2\/categories?post=10176"},{"taxonomy":"post_tag","embeddable":true,"href":"https:\/\/www.confere.org.br\/wordpress\/wp-json\/wp\/v2\/tags?post=10176"}],"curies":[{"name":"wp","href":"https:\/\/api.w.org\/{rel}","templated":true}]}}