{"id":10184,"date":"2023-01-13T16:33:58","date_gmt":"2023-01-13T19:33:58","guid":{"rendered":"https:\/\/www.confere.org.br\/wordpress\/?p=10184"},"modified":"2023-01-13T16:34:01","modified_gmt":"2023-01-13T19:34:01","slug":"cnc-projeta-aumento-de-08-nas-vendas-no-varejo-em-2023","status":"publish","type":"post","link":"https:\/\/www.confere.org.br\/wordpress\/cnc-projeta-aumento-de-08-nas-vendas-no-varejo-em-2023\/","title":{"rendered":"CNC projeta aumento de 0,8% nas vendas no varejo, em 2023"},"content":{"rendered":"\n<p>Soma-se a isso a expectativa de que o \u00cdndice Nacional de Pre\u00e7os ao Consumidor Amplo (IPCA) de 2023 tenha alta de 5,4%, acima do teto do regime de metas de infla\u00e7\u00e3o para o ano, que \u00e9 de alta de 4,75% em rela\u00e7\u00e3o a 2022. Al\u00e9m disso, a perspectiva de crescimento da economia abaixo de 1% deve manter o ritmo de gera\u00e7\u00e3o de emprego sem acelera\u00e7\u00e3o.<\/p>\n\n\n\n<p>\u201cO panorama revela um 2023 desafiador para o varejo brasileiro, que deve enfrentar ainda momentos de instabilidade nos primeiros meses do ano\u201d, aponta o presidente da CNC, Jos\u00e9 Roberto Tadros. Os juros elevados, o aumento da infla\u00e7\u00e3o e o mercado de trabalho estabilizado s\u00e3o respons\u00e1veis pela primeira queda depois de tr\u00eas altas mensais consecutivas do volume de vendas do varejo. Segundo a Pesquisa Mensal de Com\u00e9rcio (PMC), divulgada hoje (11 de janeiro) pelo Instituto Brasileiro de Geografia e Estat\u00edstica (IBGE), o recuo foi de 0,6% no m\u00eas de novembro, em rela\u00e7\u00e3o a outubro do ano passado, ligeiramente abaixo da expectativa da CNC, que projetava queda de 0,4%. No comparativo com novembro de 2021, houve avan\u00e7o de 1,5% \u2013 a quarta alta consecutiva nessa base comparativa.<\/p>\n\n\n\n<p><strong>Infla\u00e7\u00e3o interrompe alta das vendas<\/strong><\/p>\n\n\n\n<p>Conforme o economista da CNC respons\u00e1vel pela an\u00e1lise, Fabio Bentes, a queda das vendas do varejo est\u00e1 relacionada ao aumento de pre\u00e7os ap\u00f3s a sequ\u00eancia de defla\u00e7\u00f5es observada ao longo do terceiro trimestre do ano passado. O \u00edndice geral de pre\u00e7os, medido pelo IPCA, voltou a registrar alta, de 0,41%, em novembro, ap\u00f3s avan\u00e7o de 0,59% em outubro. Os grupos de vestu\u00e1rio e transportes foram os principais respons\u00e1veis pela alta dos pre\u00e7os em novembro, com aumentos de 1,1% e 0,83%, respectivamente.<\/p>\n\n\n\n<p>Seis dos oito segmentos pesquisados pelo IBGE tiveram redu\u00e7\u00e3o dos pre\u00e7os, com destaque para o ramo de combust\u00edveis e lubrificantes (queda de 5,4%) e o de equipamentos e materiais de escrit\u00f3rio, inform\u00e1tica e comunica\u00e7\u00e3o (redu\u00e7\u00e3o de 3,4%). Embora as press\u00f5es inflacion\u00e1rias tenham se concentrado no grupo de alimenta\u00e7\u00e3o ao longo de todo o ano passado, houve um aumento do pre\u00e7o dos combust\u00edveis de 3,29% em novembro, o maior avan\u00e7o observado nesse grupo desde mar\u00e7o de 2022.<\/p>\n\n\n\n<p><strong>Juros seguraram vendas a prazo<\/strong><\/p>\n\n\n\n<p>\u201cO aperto monet\u00e1rio no varejo se fez sentir ao longo de todo o ano de 2022 e, apesar do t\u00edmido crescimento, o volume de vendas no acumulado de 12 meses ainda se mantinha no campo positivo ao fim do primeiro quadrimestre do ano passado, em alta de 0,7%, mas despencou para uma queda de 1,8% em julho\u201d, analisa Fabio Bentes. Em novembro, as vendas acumulavam crescimento de 0,6% nessa base comparativa.<\/p>\n\n\n\n<p>Nas opera\u00e7\u00f5es de cr\u00e9dito livremente contra\u00eddas por pessoas f\u00edsicas, a taxa m\u00e9dia de juros dos empr\u00e9stimos e financiamentos atingiu 59% ao ano \u2013 maior patamar desde agosto de 2017 (quando estava em 62,3% a.a.). \u201cEsse fen\u00f4meno, aliado ao grau de endividamento historicamente elevado dos consumidores nos \u00faltimos meses do ano, foi um empecilho ao crescimento das vendas, especialmente nos segmentos em que h\u00e1 predomin\u00e2ncia do consumo a prazo\u201d, afirma o economista da CNC.<\/p>\n\n\n\n<p><strong>Desacelera\u00e7\u00e3o do mercado de trabalho reduz recursos para o consumo<\/strong><\/p>\n\n\n\n<p>A perda de f\u00f4lego nas contrata\u00e7\u00f5es, que \u00e9 a principal origem da gera\u00e7\u00e3o de recursos destinados ao consumo, tamb\u00e9m tem contribu\u00eddo para a desacelera\u00e7\u00e3o das vendas nos \u00faltimos meses, segundo Fabio Bentes. A desacelera\u00e7\u00e3o do ritmo de gera\u00e7\u00e3o de vagas celetistas medidas pelo Cadastro Geral de Empregados e Desempregados (Caged) mostra que, embora o saldo acumulado em 12 meses tenha sido positivo ao fim de novembro (com 2,18 milh\u00f5es de postos abertos), o n\u00famero de vagas naquele m\u00eas foi o menor registrado desde abril de 2021.<\/p>\n\n\n\n<p>No mesmo sentido, o indicador de regenera\u00e7\u00e3o do n\u00edvel de ocupa\u00e7\u00e3o, contabilizado pela Pesquisa Nacional de Amostra de Domic\u00edlios Cont\u00ednua (realizada pelo IBGE), apontou aumento de 5,7 milh\u00f5es de pessoas ocupadas, o menor n\u00edvel de expans\u00e3o em 12 meses desde junho de 2021.<\/p>\n\n\n\n<p>Fonte: <a href=\"https:\/\/www.portaldocomercio.org.br\/noticias\/cnc-projeta-aumento-de-08-nas-vendas-no-varejo-em-2023\/457105\" target=\"_blank\" rel=\"noreferrer noopener\">CNC<\/a><\/p>\n","protected":false},"excerpt":{"rendered":"<p>A Confedera\u00e7\u00e3o Nacional do Com\u00e9rcio de Bens, Servi\u00e7os e Turismo (CNC) projeta um cen\u00e1rio de estabilidade nas vendas em 2023, com alta de 0,8%. A estimativa comedida baseia-se em um contexto em que a taxa b\u00e1sica de juros da economia somente deve recuar a partir da sexta reuni\u00e3o do Comit\u00ea de Pol\u00edtica Monet\u00e1ria, que ser\u00e1 realizada em setembro. Mesmo com esse recuo esperado, a taxa Selic dever\u00e1 encerrar em patamar elevado de 12,25% ao ano.<\/p>\n","protected":false},"author":3,"featured_media":2105,"comment_status":"closed","ping_status":"closed","sticky":false,"template":"","format":"standard","meta":[],"categories":[2],"tags":[],"_links":{"self":[{"href":"https:\/\/www.confere.org.br\/wordpress\/wp-json\/wp\/v2\/posts\/10184"}],"collection":[{"href":"https:\/\/www.confere.org.br\/wordpress\/wp-json\/wp\/v2\/posts"}],"about":[{"href":"https:\/\/www.confere.org.br\/wordpress\/wp-json\/wp\/v2\/types\/post"}],"author":[{"embeddable":true,"href":"https:\/\/www.confere.org.br\/wordpress\/wp-json\/wp\/v2\/users\/3"}],"replies":[{"embeddable":true,"href":"https:\/\/www.confere.org.br\/wordpress\/wp-json\/wp\/v2\/comments?post=10184"}],"version-history":[{"count":1,"href":"https:\/\/www.confere.org.br\/wordpress\/wp-json\/wp\/v2\/posts\/10184\/revisions"}],"predecessor-version":[{"id":10185,"href":"https:\/\/www.confere.org.br\/wordpress\/wp-json\/wp\/v2\/posts\/10184\/revisions\/10185"}],"wp:featuredmedia":[{"embeddable":true,"href":"https:\/\/www.confere.org.br\/wordpress\/wp-json\/wp\/v2\/media\/2105"}],"wp:attachment":[{"href":"https:\/\/www.confere.org.br\/wordpress\/wp-json\/wp\/v2\/media?parent=10184"}],"wp:term":[{"taxonomy":"category","embeddable":true,"href":"https:\/\/www.confere.org.br\/wordpress\/wp-json\/wp\/v2\/categories?post=10184"},{"taxonomy":"post_tag","embeddable":true,"href":"https:\/\/www.confere.org.br\/wordpress\/wp-json\/wp\/v2\/tags?post=10184"}],"curies":[{"name":"wp","href":"https:\/\/api.w.org\/{rel}","templated":true}]}}