{"id":10237,"date":"2023-01-24T09:20:55","date_gmt":"2023-01-24T12:20:55","guid":{"rendered":"https:\/\/www.confere.org.br\/wordpress\/?p=10237"},"modified":"2023-01-24T09:20:57","modified_gmt":"2023-01-24T12:20:57","slug":"imposto-de-renda-receita-libera-consulta-a-lote-residual-de-restituicao-veja-se-esta-no-grupo","status":"publish","type":"post","link":"https:\/\/www.confere.org.br\/wordpress\/imposto-de-renda-receita-libera-consulta-a-lote-residual-de-restituicao-veja-se-esta-no-grupo\/","title":{"rendered":"Imposto de renda: Receita libera consulta a lote residual de restitui\u00e7\u00e3o; veja se est\u00e1 no grupo"},"content":{"rendered":"\n\n\n<p>A&nbsp;<a href=\"https:\/\/g1.globo.com\/tudo-sobre\/receita-federal\/\">Receita Federal<\/a>&nbsp;libera nesta ter\u00e7a-feira (24), \u00e0s 10h, a consulta ao lote residual de restitui\u00e7\u00e3o do Imposto de Renda de Pessoa F\u00edsica (IRPF) referente ao m\u00eas de janeiro de 2023. O cr\u00e9dito banc\u00e1rio ser\u00e1 feito para 136.565 contribuintes, no valor total de R$ 368.017.854,27.&nbsp;Os dep\u00f3sitos ser\u00e3o realizados no dia 31 de janeiro.<\/p>\n\n\n\n<p>Os lotes residuais s\u00e3o os de contribuintes que ca\u00edram na malha fina, mas depois regularizaram as pend\u00eancias.<\/p>\n\n\n\n<p>Desse total, R$ 199.291.762,86 referem-se ao quantitativo de contribuintes que t\u00eam prioridade legal, sendo:<\/p>\n\n\n\n<ul><li>3.069 contribuintes idosos acima de 80 anos<\/li><li>20.624 contribuintes entre 60 e 79 anos<\/li><li>2.349 contribuintes com alguma defici\u00eancia f\u00edsica ou mental ou mol\u00e9stia grave<\/li><li>6.568 contribuintes cuja maior fonte de renda seja o magist\u00e9rio<\/li><\/ul>\n\n\n\n<p>Foram contemplados ainda 103.955 contribuintes n\u00e3o priorit\u00e1rios.<\/p>\n\n\n\n<p>O pagamento da restitui\u00e7\u00e3o \u00e9 realizado diretamente na conta banc\u00e1ria informada na declara\u00e7\u00e3o.<\/p>\n\n\n\n<p>Pelas regras do Imposto de Renda, o valor da restitui\u00e7\u00e3o \u00e9 atualizado pela&nbsp;<a href=\"https:\/\/g1.globo.com\/economia\/noticia\/2022\/10\/26\/copom-mantem-selic-em-1375percent-juro-basico-da-economia-esta-nesse-patamar-desde-agosto.ghtml\">taxa Selic&nbsp;<\/a>acumulada a partir do m\u00eas seguinte ao prazo final de entrega da declara\u00e7\u00e3o at\u00e9 o m\u00eas anterior ao pagamento, mais 1% no m\u00eas do dep\u00f3sito.<\/p>\n\n\n\n<h4><br>Como consultar?<\/h4>\n\n\n\n<p>As consultas podem ser feitas as seguintes formas:<\/p>\n\n\n\n<ul><li>na<a href=\"http:\/\/www.gov.br\/receitafederal\" target=\"_blank\" rel=\"noreferrer noopener\">&nbsp;p\u00e1gina da Receita na internet<\/a>: clique em &#8220;Meu Imposto de Renda&#8221; e, em seguida, em &#8220;<a href=\"https:\/\/servicos.receita.fazenda.gov.br\/Servicos\/ConsRest\/Atual.app\/paginas\/index.asp\" target=\"_blank\" rel=\"noreferrer noopener\">Consultar a Restitui\u00e7\u00e3o<\/a>&#8220;;<\/li><li>no aplicativo da Receita para tablets e smartphones.<br>&#8211;&nbsp;<a href=\"https:\/\/play.google.com\/store\/apps\/details?id=br.gov.economia.receita.rfb\" target=\"_blank\" rel=\"noreferrer noopener\">Clique aqui para baixar a vers\u00e3o para Android<\/a><br>&#8211;<a href=\"https:\/\/apps.apple.com\/br\/app\/receita-federal\/id1558883724\" target=\"_blank\" rel=\"noreferrer noopener\">&nbsp;Clique aqui para baixar a vers\u00e3o para iOS (Apple)<\/a><\/li><\/ul>\n\n\n\n<h4><br>O que fazer se o dinheiro n\u00e3o for depositado?<\/h4>\n\n\n\n<p>Se o cr\u00e9dito n\u00e3o for realizado (por exemplo, a conta informada foi desativada), os valores ficar\u00e3o dispon\u00edveis para resgate por at\u00e9 um ano no Banco do Brasil.<\/p>\n\n\n\n<p>Neste caso, o contribuinte deve reagendar o cr\u00e9dito dos valores pelo Portal BB, acessando o endere\u00e7o&nbsp;<a href=\"https:\/\/www.bb.com.br\/irpf\" target=\"_blank\" rel=\"noreferrer noopener\">https:\/\/www.bb.com.br\/irpf<\/a>, ou ligando para a Central de Relacionamento BB por meio dos telefones 4004-0001 (capitais), 0800-729-0001 (demais localidades) e 0800-729-0088 (telefone especial exclusivo para deficientes auditivos).<\/p>\n\n\n\n<p>Caso o contribuinte n\u00e3o resgate o valor de sua restitui\u00e7\u00e3o no prazo de um ano, dever\u00e1 requer\u00ea-lo pelo Portal e-CAC, dispon\u00edvel no site da\u00a0<a href=\"https:\/\/g1.globo.com\/tudo-sobre\/receita-federal\/\">Receita Federal<\/a>, acessando o menu Declara\u00e7\u00f5es e Demonstrativos > Meu Imposto de Renda e clicando em &#8220;Solicitar restitui\u00e7\u00e3o n\u00e3o resgatada na rede banc\u00e1ria&#8221;.<\/p>\n\n\n\n<h4><br>Malha fina<\/h4>\n\n\n\n<p>Mais de 1 milh\u00e3o de contribuintes ca\u00edram na malha fina do Imposto de Renda, segundo&nbsp;<a href=\"https:\/\/g1.globo.com\/economia\/imposto-de-renda\/noticia\/2022\/09\/22\/ir-2022-mais-de-1-milhao-de-contribuintes-cairam-na-malha-fina-veja-principais-motivos.ghtml\">dados divulgados pela Receita Federal<\/a>. Ao todo, segundo o fisco, foram entregues 38.188.642 declara\u00e7\u00f5es at\u00e9 setembro.<\/p>\n\n\n\n<p>O contribuinte poder\u00e1 saber, ao realizar a consulta, se h\u00e1 ou n\u00e3o pend\u00eancias que impe\u00e7am o pagamento da restitui\u00e7\u00e3o, ou seja, se ele caiu na chamada &#8220;malha fina&#8221;.<\/p>\n\n\n\n<p>Das restitui\u00e7\u00f5es em malha, 811.782 declara\u00e7\u00f5es t\u00eam Imposto a Restituir, ou 78,6% do total. Outras 198.541 declara\u00e7\u00f5es (19,2% do total em malha) t\u00eam imposto a pagar, enquanto 21.956 t\u00eam saldo zero (2,1%).<\/p>\n\n\n\n<p>Veja os principais motivos que levaram os contribuintes \u00e0 malha do le\u00e3o:<\/p>\n\n\n\n<ul><li>41,9% \u2013 Omiss\u00e3o de rendimentos (de titulares e dependentes declarados);<\/li><li>28,6% \u2013 Dedu\u00e7\u00f5es da base de c\u00e1lculo (principal motivo de dedu\u00e7\u00e3o: despesas m\u00e9dicas);<\/li><li>21,9% \u2013 Diverg\u00eancias no valor de IRRF entre o que foi declarado pela fonte pagadora e o que foi declarado pela pessoa f\u00edsica (entre outros, falta de informa\u00e7\u00e3o do benefici\u00e1rio, e diverg\u00eancia entre os valores);<\/li><li>7,6% \u2013 Dedu\u00e7\u00f5es do imposto devido, recebimento de rendimentos acumulados, e diverg\u00eancia de informa\u00e7\u00e3o sobre pagamento de carn\u00ea-le\u00e3o e\/ou imposto complementar.<\/li><\/ul>\n\n\n\n<p>Para saber se est\u00e1 na malha fina, os contribuintes tamb\u00e9m podem acessar o &#8220;extrato&#8221; do Imposto de Renda no site da\u00a0<a href=\"https:\/\/g1.globo.com\/tudo-sobre\/receita-federal\/\">Receita Federal<\/a>, no chamado<a rel=\"noreferrer noopener\" href=\"https:\/\/cav.receita.fazenda.gov.br\/autenticacao\/login\" target=\"_blank\">\u00a0e-CAC (Centro Virtual de Atendimento).<\/a><\/p>\n\n\n\n<p>Para acessar o extrato do IR, \u00e9 necess\u00e1rio utilizar o c\u00f3digo de acesso gerado na pr\u00f3pria p\u00e1gina da&nbsp;<a href=\"https:\/\/g1.globo.com\/tudo-sobre\/receita-federal\/\">Receita Federal<\/a>, ou certificado digital emitido por autoridade habilitada.<\/p>\n\n\n\n<ul><li><a href=\"http:\/\/idg.receita.fazenda.gov.br\/interface\/atendimento-virtual\/arquivos-e-imagens\/passo-a-passocodigodeacesso.pdf\" target=\"_blank\" rel=\"noreferrer noopener\">Veja o passo a passo do extrato do IR<\/a><\/li><\/ul>\n\n\n\n<p>As restitui\u00e7\u00f5es de declara\u00e7\u00f5es que apresentam inconsist\u00eancia (em situa\u00e7\u00e3o de malha) s\u00e3o liberadas apenas depois de corrigidas pelo cidad\u00e3o, ou ap\u00f3s o contribuinte apresentar comprova\u00e7\u00e3o de que sua declara\u00e7\u00e3o est\u00e1 correta.<\/p>\n\n\n\n<p><br><br>Fonte: <a href=\"https:\/\/g1.globo.com\/economia\/imposto-de-renda\/noticia\/2023\/01\/24\/imposto-de-renda-receita-libera-consulta-a-lote-residual-de-restituicao-veja-se-esta-no-grupo.ghtml\" target=\"_blank\" rel=\"noreferrer noopener\">www.g1.globo.com<\/a><\/p>\n","protected":false},"excerpt":{"rendered":"<p>Ser\u00e3o contemplados 136.565 contribuintes, entre priorit\u00e1rios e n\u00e3o priorit\u00e1rios. O valor total do cr\u00e9dito \u00e9 de R$ 368 milh\u00f5es.<\/p>\n","protected":false},"author":3,"featured_media":3102,"comment_status":"closed","ping_status":"closed","sticky":false,"template":"","format":"standard","meta":[],"categories":[2],"tags":[],"_links":{"self":[{"href":"https:\/\/www.confere.org.br\/wordpress\/wp-json\/wp\/v2\/posts\/10237"}],"collection":[{"href":"https:\/\/www.confere.org.br\/wordpress\/wp-json\/wp\/v2\/posts"}],"about":[{"href":"https:\/\/www.confere.org.br\/wordpress\/wp-json\/wp\/v2\/types\/post"}],"author":[{"embeddable":true,"href":"https:\/\/www.confere.org.br\/wordpress\/wp-json\/wp\/v2\/users\/3"}],"replies":[{"embeddable":true,"href":"https:\/\/www.confere.org.br\/wordpress\/wp-json\/wp\/v2\/comments?post=10237"}],"version-history":[{"count":1,"href":"https:\/\/www.confere.org.br\/wordpress\/wp-json\/wp\/v2\/posts\/10237\/revisions"}],"predecessor-version":[{"id":10238,"href":"https:\/\/www.confere.org.br\/wordpress\/wp-json\/wp\/v2\/posts\/10237\/revisions\/10238"}],"wp:featuredmedia":[{"embeddable":true,"href":"https:\/\/www.confere.org.br\/wordpress\/wp-json\/wp\/v2\/media\/3102"}],"wp:attachment":[{"href":"https:\/\/www.confere.org.br\/wordpress\/wp-json\/wp\/v2\/media?parent=10237"}],"wp:term":[{"taxonomy":"category","embeddable":true,"href":"https:\/\/www.confere.org.br\/wordpress\/wp-json\/wp\/v2\/categories?post=10237"},{"taxonomy":"post_tag","embeddable":true,"href":"https:\/\/www.confere.org.br\/wordpress\/wp-json\/wp\/v2\/tags?post=10237"}],"curies":[{"name":"wp","href":"https:\/\/api.w.org\/{rel}","templated":true}]}}