{"id":10241,"date":"2023-01-24T15:45:13","date_gmt":"2023-01-24T18:45:13","guid":{"rendered":"https:\/\/www.confere.org.br\/wordpress\/?p=10241"},"modified":"2023-03-06T11:28:27","modified_gmt":"2023-03-06T14:28:27","slug":"dispensa-eletronica-005-2023-aquisicao-de-materiais-de-limpeza","status":"publish","type":"post","link":"https:\/\/www.confere.org.br\/wordpress\/dispensa-eletronica-005-2023-aquisicao-de-materiais-de-limpeza\/","title":{"rendered":"Dispensa Eletr\u00f4nica 005\/2023 &#8211; Aquisi\u00e7\u00e3o de Materiais de Limpeza"},"content":{"rendered":"\n<ul><li><a rel=\"noreferrer noopener\" href=\"https:\/\/www.confere.org.br\/wordpress\/wp-content\/uploads\/2023\/01\/TR_-_Aquisicao_de_materiais_de_limpeza_juntado_assinado_assinado_2.pdf\" target=\"_blank\">TERMO DE REFER\u00caNCIA;<\/a><\/li><li>Link PNCP\u00a0<a rel=\"noreferrer noopener\" href=\"https:\/\/pncp.gov.br\/app\/editais\/34046367000168\/2023\/9\" target=\"_blank\">https:\/\/pncp.gov.br\/app\/editais\/34046367000168\/2023\/9<\/a><\/li><li><a rel=\"noreferrer noopener\" href=\"https:\/\/www.confere.org.br\/wordpress\/wp-content\/uploads\/2023\/01\/AUTORIZACAO_MATERIAL_DE_LIMPEZA.pdf\" target=\"_blank\">AUTORIZA\u00c7\u00c3O DO ORDENADOR DE DESPESAS<\/a><\/li><li><a href=\"https:\/\/www.confere.org.br\/wordpress\/wp-content\/uploads\/2023\/03\/relatorio_dispensa_389047_52023.pdf\" target=\"_blank\" rel=\"noreferrer noopener\">RELAT\u00d3RIO HOMOLOGADO<\/a><\/li><\/ul>\n","protected":false},"excerpt":{"rendered":"<p>TERMO DE REFER\u00caNCIA; Link PNCP\u00a0https:\/\/pncp.gov.br\/app\/editais\/34046367000168\/2023\/9 AUTORIZA\u00c7\u00c3O DO ORDENADOR DE DESPESAS RELAT\u00d3RIO HOMOLOGADO<\/p>\n","protected":false},"author":3,"featured_media":0,"comment_status":"closed","ping_status":"closed","sticky":false,"template":"","format":"standard","meta":[],"categories":[60],"tags":[],"_links":{"self":[{"href":"https:\/\/www.confere.org.br\/wordpress\/wp-json\/wp\/v2\/posts\/10241"}],"collection":[{"href":"https:\/\/www.confere.org.br\/wordpress\/wp-json\/wp\/v2\/posts"}],"about":[{"href":"https:\/\/www.confere.org.br\/wordpress\/wp-json\/wp\/v2\/types\/post"}],"author":[{"embeddable":true,"href":"https:\/\/www.confere.org.br\/wordpress\/wp-json\/wp\/v2\/users\/3"}],"replies":[{"embeddable":true,"href":"https:\/\/www.confere.org.br\/wordpress\/wp-json\/wp\/v2\/comments?post=10241"}],"version-history":[{"count":3,"href":"https:\/\/www.confere.org.br\/wordpress\/wp-json\/wp\/v2\/posts\/10241\/revisions"}],"predecessor-version":[{"id":10540,"href":"https:\/\/www.confere.org.br\/wordpress\/wp-json\/wp\/v2\/posts\/10241\/revisions\/10540"}],"wp:attachment":[{"href":"https:\/\/www.confere.org.br\/wordpress\/wp-json\/wp\/v2\/media?parent=10241"}],"wp:term":[{"taxonomy":"category","embeddable":true,"href":"https:\/\/www.confere.org.br\/wordpress\/wp-json\/wp\/v2\/categories?post=10241"},{"taxonomy":"post_tag","embeddable":true,"href":"https:\/\/www.confere.org.br\/wordpress\/wp-json\/wp\/v2\/tags?post=10241"}],"curies":[{"name":"wp","href":"https:\/\/api.w.org\/{rel}","templated":true}]}}