{"id":10244,"date":"2023-01-24T16:56:50","date_gmt":"2023-01-24T19:56:50","guid":{"rendered":"https:\/\/www.confere.org.br\/wordpress\/?p=10244"},"modified":"2023-01-24T17:16:42","modified_gmt":"2023-01-24T20:16:42","slug":"confere-core-sp-e-adasp-assinam-termo-de-parceria-e-cooperacao-institucional","status":"publish","type":"post","link":"https:\/\/www.confere.org.br\/wordpress\/confere-core-sp-e-adasp-assinam-termo-de-parceria-e-cooperacao-institucional\/","title":{"rendered":"Confere, Core-SP e ADASP assinam Termo de Parceria e Coopera\u00e7\u00e3o Institucional"},"content":{"rendered":"\n<p>A parceria visa harmonizar e fortalecer a rela\u00e7\u00e3o existente entre as entidades e seus respectivos representados, mediante a\u00e7\u00f5es conjuntas, que visam a orienta\u00e7\u00e3o e a forma\u00e7\u00e3o dos profissionais; a conscientiza\u00e7\u00e3o sobre os direitos e deveres das representadas e de seus representantes comerciais; a observ\u00e2ncia \u00e0 lei regulamentadora e ao C\u00f3digo de \u00c9tica e Disciplina da Profiss\u00e3o, bem como ao desenvolvimento permanente desse modelo de neg\u00f3cios no Estado de S\u00e3o Paulo, de forma respons\u00e1vel e com lucratividade, resultando no fomento \u00e0 atividade fiscalizat\u00f3ria da representa\u00e7\u00e3o comercial.<\/p>\n<p>Para Sandoval de Ara\u00fajo, presidente da ADASP, o Termo de Parceria e Coopera\u00e7\u00e3o Institucional traz boas novas, dentro das possibilidades legais, para os representantes comerciais.<\/p>\n<p>Sidney Fernandes Gutierrez, diretor-presidente do Core-SP, ressaltou que a parceria tem como foco a melhoria das rela\u00e7\u00f5es entre os contratantes \u2013 representado(a) e representante comercial. \u201c\u00c9 um momento singular, em que todos n\u00f3s estamos juntos para transformar as rela\u00e7\u00f5es entre a ind\u00fastria, distribuidores, atacadistas e representantes comerciais\u201d.<\/p>\n<p>Em seu discurso, Archimedes Cavalcanti J\u00fanior, diretor-presidente do Confere, destacou que pautas econ\u00f4micas e pol\u00edtico-institucionais para promo\u00e7\u00e3o e desenvolvimento da Representa\u00e7\u00e3o Comercial devem ser trabalhadas em conjunto.<\/p>\n<p>Participaram, ainda, da cerim\u00f4nia Francisco de Assis Philomeno Gomes J\u00fanior,\u00a02\u00ba Diretor-Suplente do Confere e\u00a0<span style=\"font-style: inherit; font-weight: inherit;\">diretor-presidente do Core-CE;<\/span><span style=\"font-style: inherit; font-weight: inherit;\">\u00a0<\/span>e Jo\u00e3o Pedro da Silva Rosa, diretor-secret\u00e1rio do Confere e diretor-presidente do Core-SC.<\/p>\n<p>Na ocasi\u00e3o, Paulo Porto, gerente geral do Confere, realizou uma apresenta\u00e7\u00e3o institucional do Sistema Confere\/Cores, e Jos\u00e9 Damasceno Sampaio,\u00a0 assessor jur\u00eddico da Presid\u00eancia da ADASP, ministrou uma palestra sobre a reforma trabalhista.<\/p>\n<p>\u00a0<\/p>\n","protected":false},"excerpt":{"rendered":"<p>Em solenidade realizada no dia 24 de janeiro, Confere, Core-SP e a Associa\u00e7\u00e3o dos Atacadistas e Distribuidores no Estado de S\u00e3o Paulo (ADASP) assinaram Termo de Parceria e Coopera\u00e7\u00e3o Institucional.<\/p>\n","protected":false},"author":3,"featured_media":10246,"comment_status":"closed","ping_status":"closed","sticky":false,"template":"","format":"standard","meta":[],"categories":[34,49,17],"tags":[],"_links":{"self":[{"href":"https:\/\/www.confere.org.br\/wordpress\/wp-json\/wp\/v2\/posts\/10244"}],"collection":[{"href":"https:\/\/www.confere.org.br\/wordpress\/wp-json\/wp\/v2\/posts"}],"about":[{"href":"https:\/\/www.confere.org.br\/wordpress\/wp-json\/wp\/v2\/types\/post"}],"author":[{"embeddable":true,"href":"https:\/\/www.confere.org.br\/wordpress\/wp-json\/wp\/v2\/users\/3"}],"replies":[{"embeddable":true,"href":"https:\/\/www.confere.org.br\/wordpress\/wp-json\/wp\/v2\/comments?post=10244"}],"version-history":[{"count":3,"href":"https:\/\/www.confere.org.br\/wordpress\/wp-json\/wp\/v2\/posts\/10244\/revisions"}],"predecessor-version":[{"id":10249,"href":"https:\/\/www.confere.org.br\/wordpress\/wp-json\/wp\/v2\/posts\/10244\/revisions\/10249"}],"wp:featuredmedia":[{"embeddable":true,"href":"https:\/\/www.confere.org.br\/wordpress\/wp-json\/wp\/v2\/media\/10246"}],"wp:attachment":[{"href":"https:\/\/www.confere.org.br\/wordpress\/wp-json\/wp\/v2\/media?parent=10244"}],"wp:term":[{"taxonomy":"category","embeddable":true,"href":"https:\/\/www.confere.org.br\/wordpress\/wp-json\/wp\/v2\/categories?post=10244"},{"taxonomy":"post_tag","embeddable":true,"href":"https:\/\/www.confere.org.br\/wordpress\/wp-json\/wp\/v2\/tags?post=10244"}],"curies":[{"name":"wp","href":"https:\/\/api.w.org\/{rel}","templated":true}]}}