{"id":10270,"date":"2023-01-26T09:02:08","date_gmt":"2023-01-26T12:02:08","guid":{"rendered":"https:\/\/www.confere.org.br\/wordpress\/?p=10270"},"modified":"2023-01-26T09:30:37","modified_gmt":"2023-01-26T12:30:37","slug":"concurso-publico-nos-cores-am-es-pa-pb-pe-ro-rs-se-to-e-mg","status":"publish","type":"post","link":"https:\/\/www.confere.org.br\/wordpress\/concurso-publico-nos-cores-am-es-pa-pb-pe-ro-rs-se-to-e-mg\/","title":{"rendered":"Concurso P\u00fablico nos Cores AM, ES, PA, PB, PE, RO, RS, SE, TO e MG"},"content":{"rendered":"\n<p>Portanto, a Equipe de Planejamento torna p\u00fablico o julgamento e a pontua\u00e7\u00e3o recebida por cada banca organizadora, oriunda do cotejo dos dados fornecidos pelos institutos interessados e das dilig\u00eancias efetuadas em s\u00edtios especializados com os crit\u00e9rios de sugest\u00e3o de banca organizadora previstos no Termo de Refer\u00eancia.<\/p>\n\n\n\n<p>Assim, a Equipe de Planejamento sugere a escolha do Instituto Brasileiro de Forma\u00e7\u00e3o e Capacita\u00e7\u00e3o \u2013 IBFC \u2013 para a realiza\u00e7\u00e3o do certame e, por corol\u00e1rio, abre o prazo recursal de cinco dias \u00fateis em face da indica\u00e7\u00e3o.<\/p>\n\n\n\n<p>Termo Inicial: 26\/01\/23<\/p>\n\n\n\n<p>Termo Final: 01\/02\/23<br><\/p>\n\n\n\n<p>Acesse o abaixo o Relat\u00f3rio de Pontua\u00e7\u00e3o:<br><a rel=\"noreferrer noopener\" href=\"https:\/\/www.confere.org.br\/wordpress\/wp-content\/uploads\/2023\/01\/Relatorio-pontuacao.pdf\" target=\"_blank\">https:\/\/www.confere.org.br\/wordpress\/wp-content\/uploads\/2023\/01\/Relatorio-pontuacao.pdf<\/a><\/p>\n","protected":false},"excerpt":{"rendered":"<p>Trata-se do Processo Administrativo n\u00ba 020\/22, instaurado para a realiza\u00e7\u00e3o dos concursos p\u00fablicos nos Cores AM, ES, PA, PB, PE, RO, RS, SE, TO e MG. Ap\u00f3s o prazo do chamamento p\u00fablico, foram recebidas propostas do Instituto Brasileiro de Forma\u00e7\u00e3o e Capacita\u00e7\u00e3o \u2013 IBFC \u2013 e do Instituto CONSULPLAN.<\/p>\n","protected":false},"author":3,"featured_media":10273,"comment_status":"closed","ping_status":"closed","sticky":false,"template":"","format":"standard","meta":[],"categories":[34,49],"tags":[],"_links":{"self":[{"href":"https:\/\/www.confere.org.br\/wordpress\/wp-json\/wp\/v2\/posts\/10270"}],"collection":[{"href":"https:\/\/www.confere.org.br\/wordpress\/wp-json\/wp\/v2\/posts"}],"about":[{"href":"https:\/\/www.confere.org.br\/wordpress\/wp-json\/wp\/v2\/types\/post"}],"author":[{"embeddable":true,"href":"https:\/\/www.confere.org.br\/wordpress\/wp-json\/wp\/v2\/users\/3"}],"replies":[{"embeddable":true,"href":"https:\/\/www.confere.org.br\/wordpress\/wp-json\/wp\/v2\/comments?post=10270"}],"version-history":[{"count":1,"href":"https:\/\/www.confere.org.br\/wordpress\/wp-json\/wp\/v2\/posts\/10270\/revisions"}],"predecessor-version":[{"id":10272,"href":"https:\/\/www.confere.org.br\/wordpress\/wp-json\/wp\/v2\/posts\/10270\/revisions\/10272"}],"wp:featuredmedia":[{"embeddable":true,"href":"https:\/\/www.confere.org.br\/wordpress\/wp-json\/wp\/v2\/media\/10273"}],"wp:attachment":[{"href":"https:\/\/www.confere.org.br\/wordpress\/wp-json\/wp\/v2\/media?parent=10270"}],"wp:term":[{"taxonomy":"category","embeddable":true,"href":"https:\/\/www.confere.org.br\/wordpress\/wp-json\/wp\/v2\/categories?post=10270"},{"taxonomy":"post_tag","embeddable":true,"href":"https:\/\/www.confere.org.br\/wordpress\/wp-json\/wp\/v2\/tags?post=10270"}],"curies":[{"name":"wp","href":"https:\/\/api.w.org\/{rel}","templated":true}]}}