{"id":10277,"date":"2023-01-26T15:38:14","date_gmt":"2023-01-26T18:38:14","guid":{"rendered":"https:\/\/www.confere.org.br\/wordpress\/?p=10277"},"modified":"2023-01-26T15:38:16","modified_gmt":"2023-01-26T18:38:16","slug":"core-es-e-empresarios-atacadistas-em-busca-de-acoes-e-sugestoes-que-unam-e-valorizem-cada-vez-mais-os-representantes-comerciais","status":"publish","type":"post","link":"https:\/\/www.confere.org.br\/wordpress\/core-es-e-empresarios-atacadistas-em-busca-de-acoes-e-sugestoes-que-unam-e-valorizem-cada-vez-mais-os-representantes-comerciais\/","title":{"rendered":"Core-ES e empres\u00e1rios atacadistas em busca de a\u00e7\u00f5es e sugest\u00f5es que unam e valorizem cada vez mais os Representantes Comerciais"},"content":{"rendered":"\n\n\n<p>O Core-ES, representado pelo diretor-presidente, Marcelo Marino Simonetti; pelo diretor-secret\u00e1rio, Julio Cesar Pereira Sandes; e pelo conselheiro membro do Conselho Fiscal, Jos\u00e9 Maria Cl\u00e1udio Junior, al\u00e9m da assessora de Gest\u00e3o, Fernanda Pianca, foi recebido por Francisco Passos e por Leandro Gambini, propriet\u00e1rio e gerente comercial, respectivamente, da empresa \u00d3tima Atacado, na manh\u00e3 desta quinta-feira, 26\/01.<\/p>\n<p>O encontro ocorreu a pedido dos empres\u00e1rios, que se colocaram \u00e0 disposi\u00e7\u00e3o do Conselho para conscientizar outras empresas atacadistas sobre a import\u00e2ncia de contratar representantes comerciais legalizados, uma vez que o registro \u00e9 obrigat\u00f3rio para o exerc\u00edcio legal da profiss\u00e3o, garantindo, assim, a seguran\u00e7a jur\u00eddica para o empresariado.<\/p>\n<p>O encontro \u00e9 um importante passo na aproxima\u00e7\u00e3o do Conselho junto \u00e0s empresas, parceiros e registrados, pois refor\u00e7a a disponibilidade do Core-ES para a\u00e7\u00f5es e sugest\u00f5es que unam e valorizem cada vez mais os representantes comerciais.<\/p>\n","protected":false},"excerpt":{"rendered":"<p>O Core-ES, representado pelo diretor-presidente, Marcelo Marino Simonetti; pelo diretor-secret\u00e1rio, Julio Cesar Pereira Sandes; e pelo conselheiro membro do Conselho Fiscal, Jos\u00e9 Maria Cl\u00e1udio Junior, al\u00e9m da assessora de Gest\u00e3o, Fernanda Pianca, foi recebido por Francisco Passos e por Leandro Gambini, propriet\u00e1rio e gerente comercial, respectivamente, da empresa \u00d3tima Atacado, na manh\u00e3 desta quinta-feira, 26\/01.<\/p>\n","protected":false},"author":3,"featured_media":10278,"comment_status":"closed","ping_status":"closed","sticky":false,"template":"","format":"standard","meta":[],"categories":[34,49,17],"tags":[],"_links":{"self":[{"href":"https:\/\/www.confere.org.br\/wordpress\/wp-json\/wp\/v2\/posts\/10277"}],"collection":[{"href":"https:\/\/www.confere.org.br\/wordpress\/wp-json\/wp\/v2\/posts"}],"about":[{"href":"https:\/\/www.confere.org.br\/wordpress\/wp-json\/wp\/v2\/types\/post"}],"author":[{"embeddable":true,"href":"https:\/\/www.confere.org.br\/wordpress\/wp-json\/wp\/v2\/users\/3"}],"replies":[{"embeddable":true,"href":"https:\/\/www.confere.org.br\/wordpress\/wp-json\/wp\/v2\/comments?post=10277"}],"version-history":[{"count":1,"href":"https:\/\/www.confere.org.br\/wordpress\/wp-json\/wp\/v2\/posts\/10277\/revisions"}],"predecessor-version":[{"id":10279,"href":"https:\/\/www.confere.org.br\/wordpress\/wp-json\/wp\/v2\/posts\/10277\/revisions\/10279"}],"wp:featuredmedia":[{"embeddable":true,"href":"https:\/\/www.confere.org.br\/wordpress\/wp-json\/wp\/v2\/media\/10278"}],"wp:attachment":[{"href":"https:\/\/www.confere.org.br\/wordpress\/wp-json\/wp\/v2\/media?parent=10277"}],"wp:term":[{"taxonomy":"category","embeddable":true,"href":"https:\/\/www.confere.org.br\/wordpress\/wp-json\/wp\/v2\/categories?post=10277"},{"taxonomy":"post_tag","embeddable":true,"href":"https:\/\/www.confere.org.br\/wordpress\/wp-json\/wp\/v2\/tags?post=10277"}],"curies":[{"name":"wp","href":"https:\/\/api.w.org\/{rel}","templated":true}]}}