{"id":10286,"date":"2023-01-27T11:04:13","date_gmt":"2023-01-27T14:04:13","guid":{"rendered":"https:\/\/www.confere.org.br\/wordpress\/?p=10286"},"modified":"2023-03-13T10:07:17","modified_gmt":"2023-03-13T13:07:17","slug":"dispensa-eletronica-no-004-2023-aquisicao-de-pilhas-recarregaveis","status":"publish","type":"post","link":"https:\/\/www.confere.org.br\/wordpress\/dispensa-eletronica-no-004-2023-aquisicao-de-pilhas-recarregaveis\/","title":{"rendered":"Dispensa\u00a0Eletr\u00f4nica n\u00ba 004\/2023 &#8211; Aquisi\u00e7\u00e3o de Pilhas Recarreg\u00e1veis"},"content":{"rendered":"\n<ul><li><a rel=\"noreferrer noopener\" href=\"https:\/\/www.confere.org.br\/wordpress\/wp-content\/uploads\/2023\/01\/MINUTA_1.pdf\" target=\"_blank\">Termo de Refer\u00eancia<\/a><\/li><li>Link PNCP:\u00a0<a rel=\"noreferrer noopener\" href=\"https:\/\/pncp.gov.br\/app\/editais\/34046367000168\/2023\/11\" target=\"_blank\">https:\/\/pncp.gov.br\/app\/editais\/34046367000168\/2023\/11<\/a><\/li><li><a rel=\"noreferrer noopener\" href=\"https:\/\/www.confere.org.br\/wordpress\/wp-content\/uploads\/2023\/01\/DESPACHO_TR_-PILHAS.pdf\" target=\"_blank\">Autoriza\u00e7\u00e3o do Ordenador de Despesa<\/a><\/li><li>10\/02\/2023 &#8211; <a rel=\"noreferrer noopener\" href=\"https:\/\/www.confere.org.br\/wordpress\/wp-content\/uploads\/2023\/03\/Relatorio-homologado_004_2023.pdf\" target=\"_blank\">RELAT\u00d3RIO HOMOLOGADO<\/a><\/li><\/ul>\n","protected":false},"excerpt":{"rendered":"<p>Termo de Refer\u00eancia Link PNCP:\u00a0https:\/\/pncp.gov.br\/app\/editais\/34046367000168\/2023\/11 Autoriza\u00e7\u00e3o do Ordenador de Despesa 10\/02\/2023 &#8211; RELAT\u00d3RIO HOMOLOGADO<\/p>\n","protected":false},"author":3,"featured_media":0,"comment_status":"closed","ping_status":"closed","sticky":false,"template":"","format":"standard","meta":[],"categories":[60],"tags":[],"_links":{"self":[{"href":"https:\/\/www.confere.org.br\/wordpress\/wp-json\/wp\/v2\/posts\/10286"}],"collection":[{"href":"https:\/\/www.confere.org.br\/wordpress\/wp-json\/wp\/v2\/posts"}],"about":[{"href":"https:\/\/www.confere.org.br\/wordpress\/wp-json\/wp\/v2\/types\/post"}],"author":[{"embeddable":true,"href":"https:\/\/www.confere.org.br\/wordpress\/wp-json\/wp\/v2\/users\/3"}],"replies":[{"embeddable":true,"href":"https:\/\/www.confere.org.br\/wordpress\/wp-json\/wp\/v2\/comments?post=10286"}],"version-history":[{"count":4,"href":"https:\/\/www.confere.org.br\/wordpress\/wp-json\/wp\/v2\/posts\/10286\/revisions"}],"predecessor-version":[{"id":10569,"href":"https:\/\/www.confere.org.br\/wordpress\/wp-json\/wp\/v2\/posts\/10286\/revisions\/10569"}],"wp:attachment":[{"href":"https:\/\/www.confere.org.br\/wordpress\/wp-json\/wp\/v2\/media?parent=10286"}],"wp:term":[{"taxonomy":"category","embeddable":true,"href":"https:\/\/www.confere.org.br\/wordpress\/wp-json\/wp\/v2\/categories?post=10286"},{"taxonomy":"post_tag","embeddable":true,"href":"https:\/\/www.confere.org.br\/wordpress\/wp-json\/wp\/v2\/tags?post=10286"}],"curies":[{"name":"wp","href":"https:\/\/api.w.org\/{rel}","templated":true}]}}