{"id":10292,"date":"2023-01-31T10:13:04","date_gmt":"2023-01-31T13:13:04","guid":{"rendered":"https:\/\/www.confere.org.br\/wordpress\/?p=10292"},"modified":"2023-01-31T10:18:51","modified_gmt":"2023-01-31T13:18:51","slug":"core-pa-e-okajima-distribuidora-convidam-para-convencao-de-vendas","status":"publish","type":"post","link":"https:\/\/www.confere.org.br\/wordpress\/core-pa-e-okajima-distribuidora-convidam-para-convencao-de-vendas\/","title":{"rendered":"Core-PA e Okajima Distribuidora convidam para Conven\u00e7\u00e3o de Vendas"},"content":{"rendered":"\n<p>&#8220;A Okajima \u00e9 exemplo de uma grande distribuidora, referencia no Pa\u00eds, sediada em Castanhal, a 70 km de Bel\u00e9m, que opera 100% com equipe de representantes comerciais registrados, com acordo de coopera\u00e7\u00e3o t\u00e9cnica com o Core-PA&#8221;, destaca Hely Ricardo de Lima, diretor-presidente do Core-PA.<\/p>\n\n\n\n<p>A Okajima Distribuidora atua h\u00e1 19 anos e, atualmente, representa mais de 280 marcas no estado do Par\u00e1<\/p>\n\n\n\n<p>A Representa\u00e7\u00e3o Comercial oferece in\u00fameras oportunidades e o registro profissional no Core \u00e9 obrigat\u00f3rio para todos os profissionais que exercem a atividade.&nbsp;<\/p>\n\n\n\n<p><\/p>\n\n\n\n<p><\/p>\n\n\n\n<figure class=\"wp-block-video\"><video controls src=\"https:\/\/www.confere.org.br\/wordpress\/wp-content\/uploads\/2023\/01\/Video-core_PA-1.mp4\"><\/video><\/figure>\n","protected":false},"excerpt":{"rendered":"<p>Representantes comerciais do Par\u00e1 participar\u00e3o da Conve\u00e7\u00e3o de Vendas realizada pela Okajima <\/p>\n","protected":false},"author":3,"featured_media":10295,"comment_status":"closed","ping_status":"closed","sticky":false,"template":"","format":"standard","meta":[],"categories":[34,49],"tags":[],"_links":{"self":[{"href":"https:\/\/www.confere.org.br\/wordpress\/wp-json\/wp\/v2\/posts\/10292"}],"collection":[{"href":"https:\/\/www.confere.org.br\/wordpress\/wp-json\/wp\/v2\/posts"}],"about":[{"href":"https:\/\/www.confere.org.br\/wordpress\/wp-json\/wp\/v2\/types\/post"}],"author":[{"embeddable":true,"href":"https:\/\/www.confere.org.br\/wordpress\/wp-json\/wp\/v2\/users\/3"}],"replies":[{"embeddable":true,"href":"https:\/\/www.confere.org.br\/wordpress\/wp-json\/wp\/v2\/comments?post=10292"}],"version-history":[{"count":3,"href":"https:\/\/www.confere.org.br\/wordpress\/wp-json\/wp\/v2\/posts\/10292\/revisions"}],"predecessor-version":[{"id":10298,"href":"https:\/\/www.confere.org.br\/wordpress\/wp-json\/wp\/v2\/posts\/10292\/revisions\/10298"}],"wp:featuredmedia":[{"embeddable":true,"href":"https:\/\/www.confere.org.br\/wordpress\/wp-json\/wp\/v2\/media\/10295"}],"wp:attachment":[{"href":"https:\/\/www.confere.org.br\/wordpress\/wp-json\/wp\/v2\/media?parent=10292"}],"wp:term":[{"taxonomy":"category","embeddable":true,"href":"https:\/\/www.confere.org.br\/wordpress\/wp-json\/wp\/v2\/categories?post=10292"},{"taxonomy":"post_tag","embeddable":true,"href":"https:\/\/www.confere.org.br\/wordpress\/wp-json\/wp\/v2\/tags?post=10292"}],"curies":[{"name":"wp","href":"https:\/\/api.w.org\/{rel}","templated":true}]}}