{"id":10299,"date":"2023-01-31T16:30:05","date_gmt":"2023-01-31T19:30:05","guid":{"rendered":"https:\/\/www.confere.org.br\/wordpress\/?p=10299"},"modified":"2023-01-31T16:30:07","modified_gmt":"2023-01-31T19:30:07","slug":"anuidade-2023","status":"publish","type":"post","link":"https:\/\/www.confere.org.br\/wordpress\/anuidade-2023\/","title":{"rendered":"Anuidade 2023"},"content":{"rendered":"\n<p>Mantenha o seu registro profissional em dia e exer\u00e7a legalmente a sua profiss\u00e3o.<br \/><br \/><a href=\"https:\/\/www.confere.org.br\/enderecos.php\">Entre em contato com o Core do seu estado e habilite-se para trabalhar!\u00a0<\/a><\/p>\n","protected":false},"excerpt":{"rendered":"<p>Representante Comercial, fique atento: ao pagamento antecipado da anuidade 2023 ser\u00e1 concedido desconto de 15% at\u00e9 28 de fevereiro; e 10% at\u00e9 31 de mar\u00e7o.<\/p>\n","protected":false},"author":3,"featured_media":10300,"comment_status":"closed","ping_status":"closed","sticky":false,"template":"","format":"standard","meta":[],"categories":[34,49,17],"tags":[],"_links":{"self":[{"href":"https:\/\/www.confere.org.br\/wordpress\/wp-json\/wp\/v2\/posts\/10299"}],"collection":[{"href":"https:\/\/www.confere.org.br\/wordpress\/wp-json\/wp\/v2\/posts"}],"about":[{"href":"https:\/\/www.confere.org.br\/wordpress\/wp-json\/wp\/v2\/types\/post"}],"author":[{"embeddable":true,"href":"https:\/\/www.confere.org.br\/wordpress\/wp-json\/wp\/v2\/users\/3"}],"replies":[{"embeddable":true,"href":"https:\/\/www.confere.org.br\/wordpress\/wp-json\/wp\/v2\/comments?post=10299"}],"version-history":[{"count":1,"href":"https:\/\/www.confere.org.br\/wordpress\/wp-json\/wp\/v2\/posts\/10299\/revisions"}],"predecessor-version":[{"id":10301,"href":"https:\/\/www.confere.org.br\/wordpress\/wp-json\/wp\/v2\/posts\/10299\/revisions\/10301"}],"wp:featuredmedia":[{"embeddable":true,"href":"https:\/\/www.confere.org.br\/wordpress\/wp-json\/wp\/v2\/media\/10300"}],"wp:attachment":[{"href":"https:\/\/www.confere.org.br\/wordpress\/wp-json\/wp\/v2\/media?parent=10299"}],"wp:term":[{"taxonomy":"category","embeddable":true,"href":"https:\/\/www.confere.org.br\/wordpress\/wp-json\/wp\/v2\/categories?post=10299"},{"taxonomy":"post_tag","embeddable":true,"href":"https:\/\/www.confere.org.br\/wordpress\/wp-json\/wp\/v2\/tags?post=10299"}],"curies":[{"name":"wp","href":"https:\/\/api.w.org\/{rel}","templated":true}]}}