{"id":10373,"date":"2023-02-09T16:58:08","date_gmt":"2023-02-09T19:58:08","guid":{"rendered":"https:\/\/www.confere.org.br\/wordpress\/?p=10373"},"modified":"2023-02-09T16:58:10","modified_gmt":"2023-02-09T19:58:10","slug":"core-pe-presta-homenagem-ao-vice-presidente-do-core-sc","status":"publish","type":"post","link":"https:\/\/www.confere.org.br\/wordpress\/core-pe-presta-homenagem-ao-vice-presidente-do-core-sc\/","title":{"rendered":"Core-PE presta homenagem ao vice-presidente do Core-SC"},"content":{"rendered":"\n<p>A homenagem foi entregue pela Diretoria do Core-PE, durante a cerim\u00f4nia de posse da Diretoria do Core-SC, no dia 03\/02, na Sede do Conselho, em Florian\u00f3polis.<\/p>\n\n\n\n<p>Sobre o Trof\u00e9u: criado em 2012, \u00e9 a mais alta honraria concedida pelo Core-PE, para reconhecer o trabalho de autoridades, personalidades p\u00fablicas e empres\u00e1rios em prol da atividade de Representa\u00e7\u00e3o Comercial. Uma s\u00e9rie de crit\u00e9rios s\u00e3o avaliados por uma comiss\u00e3o que decidiu, por unanimidade, conceder o pr\u00eamio ao dirigente catarinense.<\/p>\n\n\n\n<p>Na imagem: o vice-presidente do Core-SC, Orivaldo Besen, com a Diretoria do Core-PE: presidente Archimedes Cavalcanti J\u00fanior; diretor-secret\u00e1rio Douglas Alexandre Sena Lima; e diretor- tesoureiro Adri\u00e3o Rodrigues de Lima Neto.<\/p>\n\n\n\n<p>Fonte: Core-SC<\/p>\n","protected":false},"excerpt":{"rendered":"<p>Orivaldo Besen foi agraciado com o Trof\u00e9u O Mascate, concedido pelo Core-PE \u00e0queles, que, de alguma forma, expressam seu apoio aos profissionais da Representa\u00e7\u00e3o Comercial e se dedicam para atender \u00e0s demandas da categoria. <\/p>\n","protected":false},"author":3,"featured_media":10374,"comment_status":"closed","ping_status":"closed","sticky":false,"template":"","format":"standard","meta":[],"categories":[34,49,17],"tags":[],"_links":{"self":[{"href":"https:\/\/www.confere.org.br\/wordpress\/wp-json\/wp\/v2\/posts\/10373"}],"collection":[{"href":"https:\/\/www.confere.org.br\/wordpress\/wp-json\/wp\/v2\/posts"}],"about":[{"href":"https:\/\/www.confere.org.br\/wordpress\/wp-json\/wp\/v2\/types\/post"}],"author":[{"embeddable":true,"href":"https:\/\/www.confere.org.br\/wordpress\/wp-json\/wp\/v2\/users\/3"}],"replies":[{"embeddable":true,"href":"https:\/\/www.confere.org.br\/wordpress\/wp-json\/wp\/v2\/comments?post=10373"}],"version-history":[{"count":1,"href":"https:\/\/www.confere.org.br\/wordpress\/wp-json\/wp\/v2\/posts\/10373\/revisions"}],"predecessor-version":[{"id":10375,"href":"https:\/\/www.confere.org.br\/wordpress\/wp-json\/wp\/v2\/posts\/10373\/revisions\/10375"}],"wp:featuredmedia":[{"embeddable":true,"href":"https:\/\/www.confere.org.br\/wordpress\/wp-json\/wp\/v2\/media\/10374"}],"wp:attachment":[{"href":"https:\/\/www.confere.org.br\/wordpress\/wp-json\/wp\/v2\/media?parent=10373"}],"wp:term":[{"taxonomy":"category","embeddable":true,"href":"https:\/\/www.confere.org.br\/wordpress\/wp-json\/wp\/v2\/categories?post=10373"},{"taxonomy":"post_tag","embeddable":true,"href":"https:\/\/www.confere.org.br\/wordpress\/wp-json\/wp\/v2\/tags?post=10373"}],"curies":[{"name":"wp","href":"https:\/\/api.w.org\/{rel}","templated":true}]}}