{"id":10376,"date":"2023-02-09T17:05:04","date_gmt":"2023-02-09T20:05:04","guid":{"rendered":"https:\/\/www.confere.org.br\/wordpress\/?p=10376"},"modified":"2023-02-09T17:05:39","modified_gmt":"2023-02-09T20:05:39","slug":"core-ce-convida-para-sessao-solene-em-homenagem-ao-dia-estadual-do-representante-comercial","status":"publish","type":"post","link":"https:\/\/www.confere.org.br\/wordpress\/core-ce-convida-para-sessao-solene-em-homenagem-ao-dia-estadual-do-representante-comercial\/","title":{"rendered":"Core-CE convida para Sess\u00e3o Solene em homenagem ao Dia Estadual do Representante Comercial"},"content":{"rendered":"\n<p>O Conselho Regional dos Representantes Comerciais no Estado do Cear\u00e1 (Core-CE) tem a honra de convidar a categoria para participar da Sess\u00e3o Solene em Homenagem ao Dia Estadual do Representante Comercial que ser\u00e1 realizada pela Assembleia Legislativa do Estado do Cear\u00e1.<\/p>\n<p>A homenagem foi proposta pelo autor do Projeto de Lei que estabelece o dia 8 de fevereiro como o Dia Estadual do Representante Comercial, deputado S\u00e9rgio Aguiar. A data tamb\u00e9m faz refer\u00eancia a cria\u00e7\u00e3o do Conselho aqui no Cear\u00e1.<\/p>\n<p>Durante a cerim\u00f4nia, ser\u00e3o homenageados os representantes Benedito Paracampos J\u00fanior, Fernando Robson Timb\u00f3 Silveira , Danilo Farias e Nertan de Melo Ribeiro al\u00e9m dos empres\u00e1rios que contribuem para o fortalecimento da profiss\u00e3o, Orlando Pontes Magalh\u00e3es e Jos\u00e9 do Egito Lopes Filho.<\/p>\n<p>Data: 10 de Fevereiro de 2023<br \/>Hor\u00e1rio: 10:00h<br \/>Local: Plen\u00e1rio 13 de Maio (Rua Barbosa de Freitas, 2674).<br \/>Traje: Passeio Completo<br \/>OBS.: Confirme sua participa\u00e7\u00e3o pelo e-mail: atendimento@corece.org.br<\/p>\n","protected":false},"excerpt":{"rendered":"<p>Confirme a sua participa\u00e7\u00e3o<\/p>\n","protected":false},"author":3,"featured_media":10378,"comment_status":"closed","ping_status":"closed","sticky":false,"template":"","format":"standard","meta":[],"categories":[34,49,17],"tags":[],"_links":{"self":[{"href":"https:\/\/www.confere.org.br\/wordpress\/wp-json\/wp\/v2\/posts\/10376"}],"collection":[{"href":"https:\/\/www.confere.org.br\/wordpress\/wp-json\/wp\/v2\/posts"}],"about":[{"href":"https:\/\/www.confere.org.br\/wordpress\/wp-json\/wp\/v2\/types\/post"}],"author":[{"embeddable":true,"href":"https:\/\/www.confere.org.br\/wordpress\/wp-json\/wp\/v2\/users\/3"}],"replies":[{"embeddable":true,"href":"https:\/\/www.confere.org.br\/wordpress\/wp-json\/wp\/v2\/comments?post=10376"}],"version-history":[{"count":1,"href":"https:\/\/www.confere.org.br\/wordpress\/wp-json\/wp\/v2\/posts\/10376\/revisions"}],"predecessor-version":[{"id":10377,"href":"https:\/\/www.confere.org.br\/wordpress\/wp-json\/wp\/v2\/posts\/10376\/revisions\/10377"}],"wp:featuredmedia":[{"embeddable":true,"href":"https:\/\/www.confere.org.br\/wordpress\/wp-json\/wp\/v2\/media\/10378"}],"wp:attachment":[{"href":"https:\/\/www.confere.org.br\/wordpress\/wp-json\/wp\/v2\/media?parent=10376"}],"wp:term":[{"taxonomy":"category","embeddable":true,"href":"https:\/\/www.confere.org.br\/wordpress\/wp-json\/wp\/v2\/categories?post=10376"},{"taxonomy":"post_tag","embeddable":true,"href":"https:\/\/www.confere.org.br\/wordpress\/wp-json\/wp\/v2\/tags?post=10376"}],"curies":[{"name":"wp","href":"https:\/\/api.w.org\/{rel}","templated":true}]}}