{"id":10386,"date":"2023-02-10T15:32:46","date_gmt":"2023-02-10T18:32:46","guid":{"rendered":"https:\/\/www.confere.org.br\/wordpress\/?p=10386"},"modified":"2023-03-09T14:41:48","modified_gmt":"2023-03-09T17:41:48","slug":"dispensa-eletronica-no-09-2023-caderno-personalizado","status":"publish","type":"post","link":"https:\/\/www.confere.org.br\/wordpress\/dispensa-eletronica-no-09-2023-caderno-personalizado\/","title":{"rendered":"Dispensa\u00a0Eletr\u00f4nica n\u00ba 09\/2023 &#8211; Caderno Personalizado"},"content":{"rendered":"\n<ul><li><a href=\"https:\/\/www.confere.org.br\/wordpress\/wp-content\/uploads\/2023\/02\/TR_Cadernos_final.pdf\">Termo de Refer\u00eancia<\/a><\/li><li>Link PNCP:\u00a0<a rel=\"noreferrer noopener\" href=\"https:\/\/pncp.gov.br\/app\/editais\/34046367000168\/2023\/15\" target=\"_blank\">https:\/\/pncp.gov.br\/app\/editais\/34046367000168\/2023\/15<\/a><\/li><li><a rel=\"noreferrer noopener\" href=\"https:\/\/www.confere.org.br\/wordpress\/wp-content\/uploads\/2023\/02\/DESPACHO_TR_CADERNO-final.pdf\" target=\"_blank\">Autoriza\u00e7\u00e3o do Ordenador de Despesa<\/a><\/li><li>Data da sess\u00e3o: 15\/02\/2023<\/li><li><a href=\"https:\/\/www.confere.org.br\/wordpress\/wp-content\/uploads\/2023\/03\/relatorio_dispensa_389047_92023.pdf\" target=\"_blank\" rel=\"noreferrer noopener\">09\/03\/2023 &#8211; Relat\u00f3rio Homologado<\/a><\/li><\/ul>\n\n\n","protected":false},"excerpt":{"rendered":"<p>Termo de Refer\u00eancia Link PNCP:\u00a0https:\/\/pncp.gov.br\/app\/editais\/34046367000168\/2023\/15 Autoriza\u00e7\u00e3o do Ordenador de Despesa Data da sess\u00e3o: 15\/02\/2023 09\/03\/2023 &#8211; Relat\u00f3rio Homologado<\/p>\n","protected":false},"author":3,"featured_media":0,"comment_status":"closed","ping_status":"closed","sticky":false,"template":"","format":"standard","meta":[],"categories":[60],"tags":[],"_links":{"self":[{"href":"https:\/\/www.confere.org.br\/wordpress\/wp-json\/wp\/v2\/posts\/10386"}],"collection":[{"href":"https:\/\/www.confere.org.br\/wordpress\/wp-json\/wp\/v2\/posts"}],"about":[{"href":"https:\/\/www.confere.org.br\/wordpress\/wp-json\/wp\/v2\/types\/post"}],"author":[{"embeddable":true,"href":"https:\/\/www.confere.org.br\/wordpress\/wp-json\/wp\/v2\/users\/3"}],"replies":[{"embeddable":true,"href":"https:\/\/www.confere.org.br\/wordpress\/wp-json\/wp\/v2\/comments?post=10386"}],"version-history":[{"count":4,"href":"https:\/\/www.confere.org.br\/wordpress\/wp-json\/wp\/v2\/posts\/10386\/revisions"}],"predecessor-version":[{"id":10560,"href":"https:\/\/www.confere.org.br\/wordpress\/wp-json\/wp\/v2\/posts\/10386\/revisions\/10560"}],"wp:attachment":[{"href":"https:\/\/www.confere.org.br\/wordpress\/wp-json\/wp\/v2\/media?parent=10386"}],"wp:term":[{"taxonomy":"category","embeddable":true,"href":"https:\/\/www.confere.org.br\/wordpress\/wp-json\/wp\/v2\/categories?post=10386"},{"taxonomy":"post_tag","embeddable":true,"href":"https:\/\/www.confere.org.br\/wordpress\/wp-json\/wp\/v2\/tags?post=10386"}],"curies":[{"name":"wp","href":"https:\/\/api.w.org\/{rel}","templated":true}]}}