{"id":10390,"date":"2023-02-10T16:16:45","date_gmt":"2023-02-10T19:16:45","guid":{"rendered":"https:\/\/www.confere.org.br\/wordpress\/?p=10390"},"modified":"2023-02-10T16:16:47","modified_gmt":"2023-02-10T19:16:47","slug":"sessao-solene-homenageia-representantes-comerciais-na-assembleia-legislativa-do-estado-do-ceara","status":"publish","type":"post","link":"https:\/\/www.confere.org.br\/wordpress\/sessao-solene-homenageia-representantes-comerciais-na-assembleia-legislativa-do-estado-do-ceara\/","title":{"rendered":"Sess\u00e3o Solene homenageia representantes comerciais na Assembleia Legislativa do Estado do Cear\u00e1"},"content":{"rendered":"\n<p>Uma sess\u00e3o solene, realizada nesta sexta-feira (10), na Assembleia Legislativa, homenageou os representantes comerciais registrados no Conselho Regional de Representantes Comerciais do Estado do Cear\u00e1, por ocasi\u00e3o do Dia Estadual do Representante Comercial, celebrado no \u00faltimo dia 8.\u00a0<\/p>\n<p><strong><em>\u201cNo Cear\u00e1, comemoramos a data em 8 de fevereiro, por ser tamb\u00e9m o dia de funda\u00e7\u00e3o do Conselho da categoria, que tanto contribui para o nosso Estado\u201d<\/em><\/strong>\u00a0destacou o deputado autor do Projeto de Lei, S\u00e9rgio Aguiar. Ele lembrou tamb\u00e9m que essa \u00e9 uma das profiss\u00f5es mais antigas do mundo e ressaltou o papel do representante comercial para o desenvolvimento do Estado.<\/p>\n<p>J\u00e1 o diretor-presidente do Core, Francisco Philomeno J\u00fanior, disse se sentir representado por todos os homenageados e pelo fortalecimento e renova\u00e7\u00e3o da categoria.\u00a0<strong><em>\u201cTivemos um percurso de evolu\u00e7\u00e3o cont\u00ednua e seguimos trabalhando diariamente para fortalecer n\u00e3o s\u00f3 o com\u00e9rcio, mas colaborar com o desenvolvimento de todo o Pa\u00eds \u201c,<\/em><\/strong>\u00a0declarou.<\/p>\n<p>Durante a solenidade, foram homenageados com a entrega de Certificados: Benedito Paracampos J\u00fanior, Fernando Robson Timb\u00f3 Silveira, Danilo Farias, Nertan de Melo Ribeiro, Jos\u00e9 do Egito Frota Lopes Filho e Orlando Pontes Magalh\u00e3es. Na oportunidade, o deputado S\u00e9rgio Aguiar foi homenageado com a medalha Merc\u00fario, concedida pelo Conselho Regional dos Representantes Comerciais no Cear\u00e1 (Core-CE), aos que contribuem com a categoria.<\/p>\n<p>Estiveram presentes no evento ainda a diretora geral da Assembleia Legislativa, S\u00e1via Magalh\u00e3es; o diretor administrativo do Sindicato dos Representantes Comerciais (Sirecom), Lacimar Ferreira Ventura; o vice-presidente do Core-CE e presidente da Federa\u00e7\u00e3o das Associa\u00e7\u00f5es do Com\u00e9rcio, Ind\u00fastria e Servi\u00e7os Agropecu\u00e1rios do Cear\u00e1 (Facic), Francisco de Assis Barreto de Sousa; e o diretor da Confedera\u00e7\u00e3o Nacional do Com\u00e9rcio, Maur\u00edcio Filizola.<\/p>\n<p><img src=\"https:\/\/corece.org.br\/novo\/wp-content\/uploads\/2023\/02\/WhatsApp-Image-2023-02-10-at-11.17.03-1024x682.jpeg\" \/><\/p>\n<p>Fonte: Assessoria de Comunica\u00e7\u00e3o do Core-CE, com informa\u00e7\u00f5es da ALCE<\/p>\n<div class=\"wp-block-image\">\u00a0<\/div>\n","protected":false},"excerpt":{"rendered":"<p>No Estado, o Dia Estadual do Representante Comercial \u00e9 comemorado em 8 de fevereiro, data da funda\u00e7\u00e3o do Regional cearense.<\/p>\n","protected":false},"author":3,"featured_media":10391,"comment_status":"closed","ping_status":"closed","sticky":false,"template":"","format":"standard","meta":[],"categories":[34,49,17],"tags":[],"_links":{"self":[{"href":"https:\/\/www.confere.org.br\/wordpress\/wp-json\/wp\/v2\/posts\/10390"}],"collection":[{"href":"https:\/\/www.confere.org.br\/wordpress\/wp-json\/wp\/v2\/posts"}],"about":[{"href":"https:\/\/www.confere.org.br\/wordpress\/wp-json\/wp\/v2\/types\/post"}],"author":[{"embeddable":true,"href":"https:\/\/www.confere.org.br\/wordpress\/wp-json\/wp\/v2\/users\/3"}],"replies":[{"embeddable":true,"href":"https:\/\/www.confere.org.br\/wordpress\/wp-json\/wp\/v2\/comments?post=10390"}],"version-history":[{"count":1,"href":"https:\/\/www.confere.org.br\/wordpress\/wp-json\/wp\/v2\/posts\/10390\/revisions"}],"predecessor-version":[{"id":10392,"href":"https:\/\/www.confere.org.br\/wordpress\/wp-json\/wp\/v2\/posts\/10390\/revisions\/10392"}],"wp:featuredmedia":[{"embeddable":true,"href":"https:\/\/www.confere.org.br\/wordpress\/wp-json\/wp\/v2\/media\/10391"}],"wp:attachment":[{"href":"https:\/\/www.confere.org.br\/wordpress\/wp-json\/wp\/v2\/media?parent=10390"}],"wp:term":[{"taxonomy":"category","embeddable":true,"href":"https:\/\/www.confere.org.br\/wordpress\/wp-json\/wp\/v2\/categories?post=10390"},{"taxonomy":"post_tag","embeddable":true,"href":"https:\/\/www.confere.org.br\/wordpress\/wp-json\/wp\/v2\/tags?post=10390"}],"curies":[{"name":"wp","href":"https:\/\/api.w.org\/{rel}","templated":true}]}}