{"id":1079,"date":"2019-11-13T16:17:43","date_gmt":"2019-11-13T19:17:43","guid":{"rendered":"http:\/\/www.confere.org.br\/wordpress\/?p=1079"},"modified":"2019-11-13T16:19:00","modified_gmt":"2019-11-13T19:19:00","slug":"eleicao-core-sp-trienio-2019-2022","status":"publish","type":"post","link":"https:\/\/www.confere.org.br\/wordpress\/eleicao-core-sp-trienio-2019-2022\/","title":{"rendered":"Elei\u00e7\u00e3o Core-SP &#8211; Tri\u00eanio 2019\/2022"},"content":{"rendered":"\n<p><a href=\"https:\/\/www.confere.org.br\/PDF\/ELEICAO_CORE_SP_2019\/1.%20Edital%20de%20Convoca%C3%A7%C3%A3o%20-%20documento.pdf\">1. Edital<\/a><a href=\"https:\/\/www.confere.org.br\/PDF\/ELEICAO_CORE_SP_2019\/2.%20Edital%20de%20Convoca%C3%A7%C3%A3o%20(DOU)%2021.08.2019.pdf\">&#8211; Publicado no Di\u00e1rio Oficial da Uni\u00e3o em 21.08.2019<\/a><br><a href=\"https:\/\/www.confere.org.br\/PDF\/ELEICAO_CORE_SP_2019\/3.%20Edital%20e%20Resolu%C3%A7%C3%A3o%20-%20DI%C3%81RIA%20DO%20COM%C3%89RCIO%20E%20IND%C3%9ASTRIA%20-%2021.08.2019.pdf\">&#8211; Publicado no Jornal &#8220;Di\u00e1rio Com\u00e9rcio Ind\u00fastria e Servi\u00e7os&#8221; em 21.08.2019<\/a><br><\/p>\n\n\n\n<p>2.&nbsp;<a href=\"https:\/\/www.confere.org.br\/PDF\/ELEICAO_CORE_SP_2019\/Regulamento%20eleitoral%20CORE-SP%20-%20Documento.pdf\" target=\"_blank\" rel=\"noreferrer noopener\">Regulamento Eleitoral<\/a><\/p>\n\n\n\n<p><a href=\"https:\/\/www.confere.org.br\/PDF\/ELEICAO_CORE_SP_2019\/REQUERIMENTO%20REGISTRO%20DE%20CHAPA%20.pdf\">3. Requerimento de Registro de Chapa<\/a><\/p>\n\n\n\n<p>4.<a href=\"https:\/\/www.confere.org.br\/PDF\/ELEICAO_CORE_SP_2019\/FICHA%20DE%20QUALIFICA%C3%87%C3%83O.pdf\">&nbsp;Ficha de Qualifica\u00e7\u00e3o<\/a><\/p>\n\n\n\n<p>5.<a href=\"https:\/\/www.confere.org.br\/PDF\/ELEICAO_CORE_SP_2019\/DECLARA%C3%87%C3%83O%20DE%20AQUIESC%C3%8ANCIA%20(firma).pdf\">&nbsp;Declara\u00e7\u00e3o de Aquiesc\u00eancia<\/a><\/p>\n\n\n\n<p>6.&nbsp;<a href=\"https:\/\/www.confere.org.br\/PDF\/ELEICAO_CORE_SP_2019\/Resolu%C3%A7%C3%A3o%20%201139-2019%20-%20Documento.pdf\" target=\"_blank\" rel=\"noreferrer noopener\">Resolu\u00e7\u00e3o n\u00ba 1.139\/2019 &#8211; Confere<\/a><br><a href=\"https:\/\/www.confere.org.br\/PDF\/ELEICAO_CORE_SP_2019\/Resolucao%201139.pdf\">&#8211; Publicado no Di\u00e1rio Oficial da Uni\u00e3o em 21.08.19<\/a><br><\/p>\n\n\n\n<p>7.&nbsp;<a>Aviso de Registro de Chapa \u00danica<\/a><br><a href=\"https:\/\/www.confere.org.br\/PDF\/ELEICAO_CORE_SP_2019\/Aviso%20de%20Registro%20de%20Chapa%20(DCI).pdf\">&#8211; Publicado no Jornal Di\u00e1rio Com\u00e9rcio Ind\u00fastria e Servi\u00e7os em 09.09.19<\/a><br><a href=\"https:\/\/www.confere.org.br\/PDF\/ELEICAO_CORE_SP_2019\/Aviso%20de%20Registro%20de%20Chapa%20(DOU).pdf\">&#8211; Publicado no Di\u00e1rio Oficial da Uni\u00e3o em 09.09.19<\/a><\/p>\n","protected":false},"excerpt":{"rendered":"<p>Processo Eleitoral para composi\u00e7\u00e3o do Core-SP<\/p>\n","protected":false},"author":3,"featured_media":0,"comment_status":"closed","ping_status":"open","sticky":false,"template":"","format":"standard","meta":[],"categories":[43],"tags":[],"_links":{"self":[{"href":"https:\/\/www.confere.org.br\/wordpress\/wp-json\/wp\/v2\/posts\/1079"}],"collection":[{"href":"https:\/\/www.confere.org.br\/wordpress\/wp-json\/wp\/v2\/posts"}],"about":[{"href":"https:\/\/www.confere.org.br\/wordpress\/wp-json\/wp\/v2\/types\/post"}],"author":[{"embeddable":true,"href":"https:\/\/www.confere.org.br\/wordpress\/wp-json\/wp\/v2\/users\/3"}],"replies":[{"embeddable":true,"href":"https:\/\/www.confere.org.br\/wordpress\/wp-json\/wp\/v2\/comments?post=1079"}],"version-history":[{"count":2,"href":"https:\/\/www.confere.org.br\/wordpress\/wp-json\/wp\/v2\/posts\/1079\/revisions"}],"predecessor-version":[{"id":1081,"href":"https:\/\/www.confere.org.br\/wordpress\/wp-json\/wp\/v2\/posts\/1079\/revisions\/1081"}],"wp:attachment":[{"href":"https:\/\/www.confere.org.br\/wordpress\/wp-json\/wp\/v2\/media?parent=1079"}],"wp:term":[{"taxonomy":"category","embeddable":true,"href":"https:\/\/www.confere.org.br\/wordpress\/wp-json\/wp\/v2\/categories?post=1079"},{"taxonomy":"post_tag","embeddable":true,"href":"https:\/\/www.confere.org.br\/wordpress\/wp-json\/wp\/v2\/tags?post=1079"}],"curies":[{"name":"wp","href":"https:\/\/api.w.org\/{rel}","templated":true}]}}