{"id":10806,"date":"2023-04-18T13:54:53","date_gmt":"2023-04-18T16:54:53","guid":{"rendered":"https:\/\/www.confere.org.br\/wordpress\/?p=10806"},"modified":"2023-04-18T13:54:55","modified_gmt":"2023-04-18T16:54:55","slug":"boletim-focus-mercado-reduz-previsao-para-taxa-de-juros-neste-ano","status":"publish","type":"post","link":"https:\/\/www.confere.org.br\/wordpress\/boletim-focus-mercado-reduz-previsao-para-taxa-de-juros-neste-ano\/","title":{"rendered":"Boletim Focus: Mercado reduz previs\u00e3o para taxa de juros neste ano"},"content":{"rendered":"\n<p>O Banco Central divulgou nesta manh\u00e3 de segunda-feira (17\/1), mais uma edi\u00e7\u00e3o do Boletim Focus, que resume a avalia\u00e7\u00e3o atual dos analistas do mercado financeiro em rela\u00e7\u00e3o \u00e0 economia do Brasil. Segundo o relat\u00f3rio, houve uma queda na proje\u00e7\u00e3o para a Taxa Selic deste ano. Neste \u00faltimo boletim, o mercado prev\u00ea que esse \u00edndice encerre o ano no patamar de 12,5% ao ano &#8211; na semana passada, a proje\u00e7\u00e3o era de 12,75%.<\/p>\n\n\n\n<p>Para os pr\u00f3ximos anos, n\u00e3o houve altera\u00e7\u00e3o em rela\u00e7\u00e3o \u00e0 proje\u00e7\u00e3o da taxa de juros, definida pelo Banco Central. Outro \u00edndice que tamb\u00e9m apresentou varia\u00e7\u00e3o negativa neste \u00faltimo relat\u00f3rio foi o c\u00e2mbio do d\u00f3lar norte-americano. Para o final deste ano, os analistas esperam que a moeda esteja \u00e0 venda por R$ 5,24. Essa mudan\u00e7a na expectativa ocorre ap\u00f3s uma semana com forte queda de 2,82% no valor da cota\u00e7\u00e3o comercial do d\u00f3lar.<\/p>\n\n\n\n<h3><strong>Proje\u00e7\u00e3o para infla\u00e7\u00e3o ultrapassa os 6%<\/strong><\/h3>\n\n\n\n<p>Na contram\u00e3o dos outros \u00edndices, a expectativa para a infla\u00e7\u00e3o medida pelo \u00cdndice de Pre\u00e7os ao Consumidor Amplo (IPCA) teve novo aumento neste \u00faltimo relat\u00f3rio. Para o mercado, a previs\u00e3o \u00e9 que haja uma varia\u00e7\u00e3o de 6,01% nos 12 meses deste ano, em rela\u00e7\u00e3o a 2022. Tamb\u00e9m houve varia\u00e7\u00e3o positiva para 2024, que deve encerrar o ano com infla\u00e7\u00e3o de 4,18% &#8211; que representa um aumento de 0,04% em rela\u00e7\u00e3o \u00e0 semana anterior.<\/p>\n\n\n\n<p>Al\u00e9m disso, o mercado avalia que o Produto Interno Bruto (PIB) do pa\u00eds deve encerrar o ano com alta de 0,90%. Essa proje\u00e7\u00e3o \u00e9 menor do que a divulgada na semana passada, quando os analistas projetavam um aumento de 0,91%.<\/p>\n\n\n\n<p>Fonte: Correio Braziliense<\/p>\n","protected":false},"excerpt":{"rendered":"<p>Segundo o Boletim Focus, divulgado nesta segunda-feira (17\/4), a expectativa \u00e9 de que a taxa encerre 2023 aos 12,5% ao ano.<\/p>\n","protected":false},"author":3,"featured_media":3089,"comment_status":"closed","ping_status":"closed","sticky":false,"template":"","format":"standard","meta":[],"categories":[2],"tags":[],"_links":{"self":[{"href":"https:\/\/www.confere.org.br\/wordpress\/wp-json\/wp\/v2\/posts\/10806"}],"collection":[{"href":"https:\/\/www.confere.org.br\/wordpress\/wp-json\/wp\/v2\/posts"}],"about":[{"href":"https:\/\/www.confere.org.br\/wordpress\/wp-json\/wp\/v2\/types\/post"}],"author":[{"embeddable":true,"href":"https:\/\/www.confere.org.br\/wordpress\/wp-json\/wp\/v2\/users\/3"}],"replies":[{"embeddable":true,"href":"https:\/\/www.confere.org.br\/wordpress\/wp-json\/wp\/v2\/comments?post=10806"}],"version-history":[{"count":1,"href":"https:\/\/www.confere.org.br\/wordpress\/wp-json\/wp\/v2\/posts\/10806\/revisions"}],"predecessor-version":[{"id":10807,"href":"https:\/\/www.confere.org.br\/wordpress\/wp-json\/wp\/v2\/posts\/10806\/revisions\/10807"}],"wp:featuredmedia":[{"embeddable":true,"href":"https:\/\/www.confere.org.br\/wordpress\/wp-json\/wp\/v2\/media\/3089"}],"wp:attachment":[{"href":"https:\/\/www.confere.org.br\/wordpress\/wp-json\/wp\/v2\/media?parent=10806"}],"wp:term":[{"taxonomy":"category","embeddable":true,"href":"https:\/\/www.confere.org.br\/wordpress\/wp-json\/wp\/v2\/categories?post=10806"},{"taxonomy":"post_tag","embeddable":true,"href":"https:\/\/www.confere.org.br\/wordpress\/wp-json\/wp\/v2\/tags?post=10806"}],"curies":[{"name":"wp","href":"https:\/\/api.w.org\/{rel}","templated":true}]}}