{"id":10808,"date":"2023-04-19T09:17:41","date_gmt":"2023-04-19T12:17:41","guid":{"rendered":"https:\/\/www.confere.org.br\/wordpress\/?p=10808"},"modified":"2023-05-23T16:39:22","modified_gmt":"2023-05-23T19:39:22","slug":"dispensa-eletronica-no-019-2023-contratacao-de-dbexpress-driver-for-interbase-and-firebird","status":"publish","type":"post","link":"https:\/\/www.confere.org.br\/wordpress\/dispensa-eletronica-no-019-2023-contratacao-de-dbexpress-driver-for-interbase-and-firebird\/","title":{"rendered":"Dispensa Eletr\u00f4nica N\u00ba 019\/2023 &#8211; Contrata\u00e7\u00e3o de DbExpress Driver for Interbase and Firebird"},"content":{"rendered":"\n<ul><li><a rel=\"noreferrer noopener\" href=\"https:\/\/www.confere.org.br\/wordpress\/wp-content\/uploads\/2023\/04\/TR_DBE_1.pdf\" target=\"_blank\">Termo de Refer\u00eancia<\/a><\/li><li>Link PNCP:\u00a0<a rel=\"noreferrer noopener\" href=\"https:\/\/pncp.gov.br\/app\/editais\/34046367000168\/2023\/31\" target=\"_blank\">https:\/\/pncp.gov.br\/app\/editais\/34046367000168\/2023\/31<\/a><\/li><li><a rel=\"noreferrer noopener\" href=\"https:\/\/www.confere.org.br\/wordpress\/wp-content\/uploads\/2023\/04\/DESPAC_1-1.pdf\" target=\"_blank\">Autoriza\u00e7\u00e3o do Ordenador de Despesa<\/a><\/li><li>Data da sess\u00e3o: 25\/04\/2023<\/li><li>05\/05\/2023 &#8211;<a href=\"https:\/\/www.confere.org.br\/wordpress\/wp-content\/uploads\/2023\/05\/RELATO_1.pdf\" target=\"_blank\" rel=\"noreferrer noopener\"> RELAT\u00d3RIO\u00a0HOMOLOGADO<\/a><\/li><\/ul>\n\n\n","protected":false},"excerpt":{"rendered":"<p>Termo de Refer\u00eancia Link PNCP:\u00a0https:\/\/pncp.gov.br\/app\/editais\/34046367000168\/2023\/31 Autoriza\u00e7\u00e3o do Ordenador de Despesa Data da sess\u00e3o: 25\/04\/2023 05\/05\/2023 &#8211; RELAT\u00d3RIO\u00a0HOMOLOGADO<\/p>\n","protected":false},"author":3,"featured_media":0,"comment_status":"closed","ping_status":"closed","sticky":false,"template":"","format":"standard","meta":[],"categories":[60],"tags":[],"_links":{"self":[{"href":"https:\/\/www.confere.org.br\/wordpress\/wp-json\/wp\/v2\/posts\/10808"}],"collection":[{"href":"https:\/\/www.confere.org.br\/wordpress\/wp-json\/wp\/v2\/posts"}],"about":[{"href":"https:\/\/www.confere.org.br\/wordpress\/wp-json\/wp\/v2\/types\/post"}],"author":[{"embeddable":true,"href":"https:\/\/www.confere.org.br\/wordpress\/wp-json\/wp\/v2\/users\/3"}],"replies":[{"embeddable":true,"href":"https:\/\/www.confere.org.br\/wordpress\/wp-json\/wp\/v2\/comments?post=10808"}],"version-history":[{"count":3,"href":"https:\/\/www.confere.org.br\/wordpress\/wp-json\/wp\/v2\/posts\/10808\/revisions"}],"predecessor-version":[{"id":11072,"href":"https:\/\/www.confere.org.br\/wordpress\/wp-json\/wp\/v2\/posts\/10808\/revisions\/11072"}],"wp:attachment":[{"href":"https:\/\/www.confere.org.br\/wordpress\/wp-json\/wp\/v2\/media?parent=10808"}],"wp:term":[{"taxonomy":"category","embeddable":true,"href":"https:\/\/www.confere.org.br\/wordpress\/wp-json\/wp\/v2\/categories?post=10808"},{"taxonomy":"post_tag","embeddable":true,"href":"https:\/\/www.confere.org.br\/wordpress\/wp-json\/wp\/v2\/tags?post=10808"}],"curies":[{"name":"wp","href":"https:\/\/api.w.org\/{rel}","templated":true}]}}