{"id":1082,"date":"2019-11-13T16:24:35","date_gmt":"2019-11-13T19:24:35","guid":{"rendered":"http:\/\/www.confere.org.br\/wordpress\/?p=1082"},"modified":"2019-11-13T16:27:43","modified_gmt":"2019-11-13T19:27:43","slug":"eleicao-core-pa-trienio-2019-2022","status":"publish","type":"post","link":"https:\/\/www.confere.org.br\/wordpress\/eleicao-core-pa-trienio-2019-2022\/","title":{"rendered":"Elei\u00e7\u00e3o Core-PA &#8211; Tri\u00eanio 2019\/2022"},"content":{"rendered":"\n<p><a href=\"https:\/\/www.confere.org.br\/PDF\/ELEI%C3%87%C3%83O-PA%20(2019)\/edital_convocacao09072019.pdf\">1. Edital<\/a><a href=\"https:\/\/www.confere.org.br\/PDF\/ELEI%C3%87%C3%83O-PA%20(2019)\/Edital%20de%20Convocacao_DOU.pdf\">&#8211; Publicado no Di\u00e1rio Oficial da Uni\u00e3o em 10.07.2019<\/a><br><a href=\"https:\/\/www.confere.org.br\/PDF\/ELEI%C3%87%C3%83O-PA%20(2019)\/EDITAL%20DE%20CONVOCA%C3%87%C3%83O%20(%20O%20LIBERAL)2.jpg\">&#8211; Publicado no Jornal &#8220;O Liberal&#8221; de Bel\u00e9m do Par\u00e1 em 10.07.2019<\/a><br><\/p>\n\n\n\n<p>2.&nbsp;<a href=\"https:\/\/www.confere.org.br\/PDF\/ELEI%C3%87%C3%83O-PA%20(2019)\/regulamento_eleitoral_core_pa.pdf\" target=\"_blank\" rel=\"noreferrer noopener\">Regulamento Eleitoral<\/a><\/p>\n\n\n\n<p>3.<a href=\"https:\/\/www.confere.org.br\/PDF\/ELEI%C3%87%C3%83O-PA%20(2019)\/REQUERIMENTO%20REGISTRO%20DE%20CHAPA%20-%20ok.pdf\">&nbsp;Requerimento de Registro de Chapa<\/a><\/p>\n\n\n\n<p>4.&nbsp;<a href=\"https:\/\/www.confere.org.br\/PDF\/ELEI%C3%87%C3%83O-PA%20(2019)\/ficha_de_qualificacao09072019.pdf\" target=\"_blank\" rel=\"noreferrer noopener\">Ficha de Qualifica\u00e7\u00e3o<\/a><\/p>\n\n\n\n<p>5.<a href=\"https:\/\/www.confere.org.br\/PDF\/ELEI%C3%87%C3%83O-PA%20(2019)\/declaracao_de_aquiescencia09072019.pdf\">&nbsp;Declara\u00e7\u00e3o de Aquiesc\u00eancia<\/a><\/p>\n\n\n\n<p>6.&nbsp;<a href=\"https:\/\/www.confere.org.br\/PDF\/ELEI%C3%87%C3%83O-PA%20(2019)\/resolucao_1136_2019_eleicao_core_pa09072019.pdf\" target=\"_blank\" rel=\"noreferrer noopener\">Resolu\u00e7\u00e3o n\u00ba 1.136\/2019 &#8211; Confere<\/a><br><a href=\"https:\/\/www.confere.org.br\/PDF\/ELEI%C3%87%C3%83O-PA%20(2019)\/Resolu%C3%A7%C3%A3o%201.136%20-%20Core-PA.pdf\">&#8211; Publicado no Di\u00e1rio Oficial da Uni\u00e3o em 10.07.19<\/a><\/p>\n\n\n\n<p>7. Aviso de Registro de Chapa \u00danica<br><a href=\"https:\/\/www.confere.org.br\/PDF\/ELEI%C3%87%C3%83O-PA%20(2019)\/REGISTRO%20DE%20CHAPA%20-%20OLIBERAL2.pdf\">&#8211; Publicado no Jornal &#8220;O Liberal&#8221; de Bel\u00e9m do Par\u00e1 em 12.08.2019<\/a><br><a href=\"https:\/\/www.confere.org.br\/PDF\/ELEI%C3%87%C3%83O-PA%20(2019)\/REGISTRO%20DE%20CHAPA%20-%20DOU.pdf\">&#8211; Publicado no Di\u00e1rio Oficial da Uni\u00e3o em 13.08.2019<\/a><\/p>\n","protected":false},"excerpt":{"rendered":"<p>Processo Eleitoral para composi\u00e7\u00e3o do Core-PA<\/p>\n","protected":false},"author":3,"featured_media":0,"comment_status":"closed","ping_status":"open","sticky":false,"template":"","format":"standard","meta":[],"categories":[43],"tags":[],"_links":{"self":[{"href":"https:\/\/www.confere.org.br\/wordpress\/wp-json\/wp\/v2\/posts\/1082"}],"collection":[{"href":"https:\/\/www.confere.org.br\/wordpress\/wp-json\/wp\/v2\/posts"}],"about":[{"href":"https:\/\/www.confere.org.br\/wordpress\/wp-json\/wp\/v2\/types\/post"}],"author":[{"embeddable":true,"href":"https:\/\/www.confere.org.br\/wordpress\/wp-json\/wp\/v2\/users\/3"}],"replies":[{"embeddable":true,"href":"https:\/\/www.confere.org.br\/wordpress\/wp-json\/wp\/v2\/comments?post=1082"}],"version-history":[{"count":3,"href":"https:\/\/www.confere.org.br\/wordpress\/wp-json\/wp\/v2\/posts\/1082\/revisions"}],"predecessor-version":[{"id":1087,"href":"https:\/\/www.confere.org.br\/wordpress\/wp-json\/wp\/v2\/posts\/1082\/revisions\/1087"}],"wp:attachment":[{"href":"https:\/\/www.confere.org.br\/wordpress\/wp-json\/wp\/v2\/media?parent=1082"}],"wp:term":[{"taxonomy":"category","embeddable":true,"href":"https:\/\/www.confere.org.br\/wordpress\/wp-json\/wp\/v2\/categories?post=1082"},{"taxonomy":"post_tag","embeddable":true,"href":"https:\/\/www.confere.org.br\/wordpress\/wp-json\/wp\/v2\/tags?post=1082"}],"curies":[{"name":"wp","href":"https:\/\/api.w.org\/{rel}","templated":true}]}}