{"id":10821,"date":"2023-04-25T14:56:43","date_gmt":"2023-04-25T17:56:43","guid":{"rendered":"https:\/\/www.confere.org.br\/wordpress\/?p=10821"},"modified":"2023-04-25T14:56:45","modified_gmt":"2023-04-25T17:56:45","slug":"mercado-aumenta-projecao-para-crescimento-da-economia-em-2023","status":"publish","type":"post","link":"https:\/\/www.confere.org.br\/wordpress\/mercado-aumenta-projecao-para-crescimento-da-economia-em-2023\/","title":{"rendered":"Mercado aumenta proje\u00e7\u00e3o para crescimento da economia em 2023"},"content":{"rendered":"\n<p>A previs\u00e3o do mercado financeiro para o crescimento da economia brasileira este ano subiu de 0,9% para 0,96%. A estimativa est\u00e1 no boletim Focus de hoje (24), pesquisa divulgada semanalmente pelo Banco Central (BC) com a proje\u00e7\u00e3o para os principais indicadores econ\u00f4micos.<\/p>\n\n\n\n<p>Para o pr\u00f3ximo ano, a expectativa para o Produto Interno Bruto (PIB, soma dos bens e servi\u00e7os produzidos no pa\u00eds) \u00e9 crescimento de 1,41%. Em 2025 e 2026, o mercado financeiro projeta expans\u00e3o do PIB em 1,7% e 1,8%, respectivamente.<\/p>\n\n\n\n<p>A previs\u00e3o para o \u00cdndice Nacional de Pre\u00e7os ao Consumidor Amplo (IPCA), considerada a infla\u00e7\u00e3o oficial do pa\u00eds, tamb\u00e9m subiu, de 6,01% para 6,04% neste ano. Para 2024, a estimativa de infla\u00e7\u00e3o ficou em 4,18%. Para 2025 e 2026, as previs\u00f5es s\u00e3o de 4%, para os dois anos.<\/p>\n\n\n\n<p>A estimativa para este ano est\u00e1 acima do teto da meta de infla\u00e7\u00e3o que deve ser perseguida pelo BC. Definida pelo Conselho Monet\u00e1rio Nacional (CMN), a meta \u00e9 3,25% para 2023, com intervalo de toler\u00e2ncia de 1,5 ponto percentual para cima ou para baixo. Ou seja, o limite inferior \u00e9 1,75% e o superior 4,75%. Segundo o BC, a chance de a infla\u00e7\u00e3o oficial&nbsp;<a href=\"http:\/\/agenciabrasil.ebc.com.br\/economia\/noticia\/2023-03\/bc-aumenta-projecao-de-crescimento-da-economia-de-1-para-12\" target=\"_blank\" rel=\"noreferrer noopener\">superar o teto da meta em 2023 \u00e9 de 83%<\/a>.<\/p>\n\n\n\n<p>A proje\u00e7\u00e3o do mercado para a infla\u00e7\u00e3o de 2024 tamb\u00e9m est\u00e1 acima do centro da meta prevista, fixada em 3%, mas ainda dentro do intervalo de toler\u00e2ncia de 1,5 ponto percentual.<\/p>\n\n\n\n<p>Em mar\u00e7o, a&nbsp;<a href=\"https:\/\/agenciabrasil.ebc.com.br\/economia\/noticia\/2023-04\/inflacao-desacelera-para-todas-faixas-de-renda-em-marco\" target=\"_blank\" rel=\"noreferrer noopener\">infla\u00e7\u00e3o desacelerou para todas as faixas de renda<\/a>. Ainda assim, puxado pelo aumento dos pre\u00e7os dos combust\u00edveis, o&nbsp;<a href=\"https:\/\/agenciabrasil.ebc.com.br\/economia\/noticia\/2023-04\/inflacao-oficial-atinge-071-em-marco-diz-ibge\" target=\"_blank\" rel=\"noreferrer noopener\">IPCA ficou em 0,71%<\/a>, segundo o Instituto Brasileiro de Geografia e Estat\u00edstica (IBGE). O resultado \u00e9 inferior \u00e0 taxa de fevereiro, de 0,84%. Em 12 meses, o indicador acumula 4,65%, abaixo de 5% pela primeira vez em dois anos.<\/p>\n\n\n\n<h2>Taxa de juros<\/h2>\n\n\n\n<p>Para alcan\u00e7ar a meta de infla\u00e7\u00e3o, o Banco Central usa como principal instrumento a taxa b\u00e1sica de juros, a Selic, definida em 13,75% ao ano pelo Comit\u00ea de Pol\u00edtica Monet\u00e1ria (Copom). A taxa est\u00e1 nesse n\u00edvel desde agosto do ano passado, e \u00e9 o maior n\u00edvel desde janeiro de 2017, quando tamb\u00e9m estava nesse patamar.<\/p>\n\n\n\n<p>Para o mercado financeiro, a expectativa \u00e9 de que a Selic encerre 2023 em 12,5% ao ano. Para o fim de 2024, a estimativa \u00e9 que a taxa b\u00e1sica caia para 10% ao ano. J\u00e1 para o fim de 2025 e de 2026, a previs\u00e3o \u00e9 de Selic em 9% ao ano e 8,75% ao ano, respectivamente.<\/p>\n\n\n\n<p>O patamar da Selic \u00e9&nbsp;<a href=\"https:\/\/agenciabrasil.ebc.com.br\/educacao\/noticia\/2023-04\/divergencias-com-banco-central-marcam-100-primeiros-dias-de-governo\" target=\"_blank\" rel=\"noreferrer noopener\">motivo de diverg\u00eancia entre o governo federal e o Banco Central<\/a>. Quando o Copom aumenta a taxa b\u00e1sica de juros, a finalidade \u00e9 conter a demanda aquecida, e isso causa reflexos nos pre\u00e7os porque os juros mais altos encarecem o cr\u00e9dito e estimulam a poupan\u00e7a. Desse modo, taxas mais altas tamb\u00e9m podem dificultar a expans\u00e3o da economia.<\/p>\n\n\n\n<p>Quando o Copom diminui a Selic, a tend\u00eancia \u00e9 que o cr\u00e9dito fique mais barato, com incentivo \u00e0 produ\u00e7\u00e3o e ao consumo, reduzindo o controle sobre a infla\u00e7\u00e3o e estimulando a atividade econ\u00f4mica.<\/p>\n\n\n\n<p>A expectativa para a cota\u00e7\u00e3o do d\u00f3lar est\u00e1 em R$ 5,20 para o fim deste ano. Para o fim de 2024, a previs\u00e3o \u00e9 de que a moeda americana fique em R$ 5,25.<\/p>\n\n\n\n<p>Fonte: Ag\u00eancia Brasil<\/p>\n","protected":false},"excerpt":{"rendered":"<p>Expectativa para o PIB subiu de 0,9% para 0,96%<\/p>\n","protected":false},"author":3,"featured_media":5821,"comment_status":"closed","ping_status":"closed","sticky":false,"template":"","format":"standard","meta":[],"categories":[2],"tags":[],"_links":{"self":[{"href":"https:\/\/www.confere.org.br\/wordpress\/wp-json\/wp\/v2\/posts\/10821"}],"collection":[{"href":"https:\/\/www.confere.org.br\/wordpress\/wp-json\/wp\/v2\/posts"}],"about":[{"href":"https:\/\/www.confere.org.br\/wordpress\/wp-json\/wp\/v2\/types\/post"}],"author":[{"embeddable":true,"href":"https:\/\/www.confere.org.br\/wordpress\/wp-json\/wp\/v2\/users\/3"}],"replies":[{"embeddable":true,"href":"https:\/\/www.confere.org.br\/wordpress\/wp-json\/wp\/v2\/comments?post=10821"}],"version-history":[{"count":1,"href":"https:\/\/www.confere.org.br\/wordpress\/wp-json\/wp\/v2\/posts\/10821\/revisions"}],"predecessor-version":[{"id":10822,"href":"https:\/\/www.confere.org.br\/wordpress\/wp-json\/wp\/v2\/posts\/10821\/revisions\/10822"}],"wp:featuredmedia":[{"embeddable":true,"href":"https:\/\/www.confere.org.br\/wordpress\/wp-json\/wp\/v2\/media\/5821"}],"wp:attachment":[{"href":"https:\/\/www.confere.org.br\/wordpress\/wp-json\/wp\/v2\/media?parent=10821"}],"wp:term":[{"taxonomy":"category","embeddable":true,"href":"https:\/\/www.confere.org.br\/wordpress\/wp-json\/wp\/v2\/categories?post=10821"},{"taxonomy":"post_tag","embeddable":true,"href":"https:\/\/www.confere.org.br\/wordpress\/wp-json\/wp\/v2\/tags?post=10821"}],"curies":[{"name":"wp","href":"https:\/\/api.w.org\/{rel}","templated":true}]}}