{"id":10823,"date":"2023-04-25T20:12:58","date_gmt":"2023-04-25T23:12:58","guid":{"rendered":"https:\/\/www.confere.org.br\/wordpress\/?p=10823"},"modified":"2023-05-02T11:24:59","modified_gmt":"2023-05-02T14:24:59","slug":"confere-realiza-i-seminario-dos-coordenadores-e-contabilistas-do-sistema-confere-cores","status":"publish","type":"post","link":"https:\/\/www.confere.org.br\/wordpress\/confere-realiza-i-seminario-dos-coordenadores-e-contabilistas-do-sistema-confere-cores\/","title":{"rendered":"Confere realiza I Semin\u00e1rio dos Coordenadores e Contabilistas do Sistema Confere\/Cores"},"content":{"rendered":"\n<p>O Confere realiza, nesta semana, de 24 a 28 de abril, o I Semin\u00e1rio dos Coordenadores e Contabilistas do Sistema Confere\/Cores.<\/p>\n\n\n\n<p>O evento conta com uma pauta multidisciplinar, que trata temas relevantes da Administra\u00e7\u00e3o P\u00fablica, como: Auditoria, Governan\u00e7a, Transpar\u00eancia Ativa, Licita\u00e7\u00f5es, Contrata\u00e7\u00f5es P\u00fablicas, Procedimentos Or\u00e7ament\u00e1rios, Cont\u00e1beis e de Presta\u00e7\u00f5es de Contas.<\/p>\n\n\n\n<p>Cerca de 80 pessoas participam do evento, que est\u00e1 sendo realizado, presencialmente, em Bras\u00edlia, e sendo transmitido, atrav\u00e9s do Canal do Confere no Youtube, para todo o corpo de dirigentes e colaboradores do Sistema Confere\/Cores.<\/p>\n\n\n\n<figure class=\"wp-block-image size-large\"><img width=\"1024\" height=\"738\" src=\"https:\/\/www.confere.org.br\/wordpress\/wp-content\/uploads\/2023\/04\/seminario-transmissao-1-1024x738.jpg\" alt=\"\" class=\"wp-image-10826\" srcset=\"https:\/\/www.confere.org.br\/wordpress\/wp-content\/uploads\/2023\/04\/seminario-transmissao-1-1024x738.jpg 1024w, https:\/\/www.confere.org.br\/wordpress\/wp-content\/uploads\/2023\/04\/seminario-transmissao-1-300x216.jpg 300w, https:\/\/www.confere.org.br\/wordpress\/wp-content\/uploads\/2023\/04\/seminario-transmissao-1-768x553.jpg 768w, https:\/\/www.confere.org.br\/wordpress\/wp-content\/uploads\/2023\/04\/seminario-transmissao-1.jpg 1131w\" sizes=\"(max-width: 1024px) 100vw, 1024px\" \/><\/figure>\n\n\n\n<p>\u00a0<\/p>\n<p>\u00a0<\/p>\n\n\n\n<p>\u201cPela primeira vez, reunimos no mesmo evento nossos coordenadores e contabilistas, visando a melhoria&nbsp;de suas&nbsp;atua\u00e7\u00f5es, a harmoniza\u00e7\u00e3o,&nbsp;a padroniza\u00e7\u00e3o, a moderniza\u00e7\u00e3o e a integra\u00e7\u00e3o de pr\u00e1ticas e a\u00e7\u00f5es\u201d, explicou o diretor-secret\u00e1rio do Confere, Jo\u00e3o Pedro da Silva Rosa.<\/p>\n\n\n\n<p>\u00a0<\/p>\n<p>\u00a0<\/p>\n","protected":false},"excerpt":{"rendered":"<p>O evento promove a coopera\u00e7\u00e3o e a troca de informa\u00e7\u00f5es entre os profissionais, objetivando qualifica\u00e7\u00e3o e efici\u00eancia <\/p>\n","protected":false},"author":3,"featured_media":10837,"comment_status":"closed","ping_status":"closed","sticky":false,"template":"","format":"standard","meta":[],"categories":[34,49,17],"tags":[],"_links":{"self":[{"href":"https:\/\/www.confere.org.br\/wordpress\/wp-json\/wp\/v2\/posts\/10823"}],"collection":[{"href":"https:\/\/www.confere.org.br\/wordpress\/wp-json\/wp\/v2\/posts"}],"about":[{"href":"https:\/\/www.confere.org.br\/wordpress\/wp-json\/wp\/v2\/types\/post"}],"author":[{"embeddable":true,"href":"https:\/\/www.confere.org.br\/wordpress\/wp-json\/wp\/v2\/users\/3"}],"replies":[{"embeddable":true,"href":"https:\/\/www.confere.org.br\/wordpress\/wp-json\/wp\/v2\/comments?post=10823"}],"version-history":[{"count":12,"href":"https:\/\/www.confere.org.br\/wordpress\/wp-json\/wp\/v2\/posts\/10823\/revisions"}],"predecessor-version":[{"id":10855,"href":"https:\/\/www.confere.org.br\/wordpress\/wp-json\/wp\/v2\/posts\/10823\/revisions\/10855"}],"wp:featuredmedia":[{"embeddable":true,"href":"https:\/\/www.confere.org.br\/wordpress\/wp-json\/wp\/v2\/media\/10837"}],"wp:attachment":[{"href":"https:\/\/www.confere.org.br\/wordpress\/wp-json\/wp\/v2\/media?parent=10823"}],"wp:term":[{"taxonomy":"category","embeddable":true,"href":"https:\/\/www.confere.org.br\/wordpress\/wp-json\/wp\/v2\/categories?post=10823"},{"taxonomy":"post_tag","embeddable":true,"href":"https:\/\/www.confere.org.br\/wordpress\/wp-json\/wp\/v2\/tags?post=10823"}],"curies":[{"name":"wp","href":"https:\/\/api.w.org\/{rel}","templated":true}]}}