{"id":1088,"date":"2019-11-13T16:30:59","date_gmt":"2019-11-13T19:30:59","guid":{"rendered":"http:\/\/www.confere.org.br\/wordpress\/?p=1088"},"modified":"2019-11-13T16:30:59","modified_gmt":"2019-11-13T19:30:59","slug":"eleicao-core-rn-trienio-2019-2022","status":"publish","type":"post","link":"https:\/\/www.confere.org.br\/wordpress\/eleicao-core-rn-trienio-2019-2022\/","title":{"rendered":"Elei\u00e7\u00e3o Core-RN  &#8211; Tri\u00eanio 2019\/2022"},"content":{"rendered":"\n<p>1.<a href=\"https:\/\/www.confere.org.br\/PDF\/ELEICAO_RN\/3.EDITAL.pdf\">&nbsp;Edital<\/a><a href=\"https:\/\/www.confere.org.br\/PDF\/ELEICAO_RN\/4.EDITAL%20DOU.pdf\">&#8211; Publicado no Di\u00e1rio Oficial da Uni\u00e3o no dia 07.01.19.<\/a><br><a href=\"https:\/\/www.confere.org.br\/PDF\/ELEICAO_RN\/Edital%20-%20DOE.pdf\">&#8211; Publicado no Di\u00e1rio Oficial do Estado do Rio Grande do Norte no dia 08.01.19<\/a><br><a href=\"https:\/\/www.confere.org.br\/PDF\/ELEICAO_RN\/Edital%20-%20Tribuna%20do%20Norte.pdf\">&#8211; Publicado no Jornal Tribuna do Norte no dia 08.01.19<\/a><br><\/p>\n\n\n\n<p>2.&nbsp;<a href=\"https:\/\/www.confere.org.br\/PDF\/ELEICAO_RN\/2.REGULAMENTO%20ELEITORAL.pdf\">Regulamento Eleitoral<\/a><\/p>\n\n\n\n<p>3.&nbsp;<a href=\"https:\/\/www.confere.org.br\/PDF\/ELEICAO_RN\/7.REQUERIMENTO%20DE%20REGISTRO%20DE%20CHAPA.pdf\">Requerimento de Registro de Chapa<\/a><\/p>\n\n\n\n<p>4.&nbsp;<a href=\"https:\/\/www.confere.org.br\/PDF\/ELEICAO_RN\/6.FICHA%20DE%20QUALIFICA%C3%87%C3%83O.pdf\">Ficha de Qualifica\u00e7\u00e3o<\/a><\/p>\n\n\n\n<p>5.&nbsp;<a href=\"https:\/\/www.confere.org.br\/PDF\/ELEICAO_RN\/5.DECLARA%C3%87%C3%83O%20DE%20AQUIESC%C3%8ANCIA.pdf\">Declara\u00e7\u00e3o de Aquiesc\u00eancia<\/a><\/p>\n\n\n\n<p>1.<a href=\"https:\/\/www.confere.org.br\/PDF\/ELEICAO_RN\/1.RESOLU%C3%87%C3%83O%201124.pdf\">&nbsp;Resolu\u00e7\u00e3o 1.124\/2018 &#8211; Confere<\/a><a href=\"https:\/\/www.confere.org.br\/PDF\/ELEICAO_RN\/resolu%C3%A7%C3%A3o%201124.pdf\">&#8211; Publicado no Di\u00e1rio Oficial da Uni\u00e3o no dia 02.01.19<\/a><\/p>\n","protected":false},"excerpt":{"rendered":"<p>Processo Eleitoral para composi\u00e7\u00e3o do Core-RN<\/p>\n","protected":false},"author":3,"featured_media":0,"comment_status":"closed","ping_status":"open","sticky":false,"template":"","format":"standard","meta":[],"categories":[43],"tags":[],"_links":{"self":[{"href":"https:\/\/www.confere.org.br\/wordpress\/wp-json\/wp\/v2\/posts\/1088"}],"collection":[{"href":"https:\/\/www.confere.org.br\/wordpress\/wp-json\/wp\/v2\/posts"}],"about":[{"href":"https:\/\/www.confere.org.br\/wordpress\/wp-json\/wp\/v2\/types\/post"}],"author":[{"embeddable":true,"href":"https:\/\/www.confere.org.br\/wordpress\/wp-json\/wp\/v2\/users\/3"}],"replies":[{"embeddable":true,"href":"https:\/\/www.confere.org.br\/wordpress\/wp-json\/wp\/v2\/comments?post=1088"}],"version-history":[{"count":1,"href":"https:\/\/www.confere.org.br\/wordpress\/wp-json\/wp\/v2\/posts\/1088\/revisions"}],"predecessor-version":[{"id":1089,"href":"https:\/\/www.confere.org.br\/wordpress\/wp-json\/wp\/v2\/posts\/1088\/revisions\/1089"}],"wp:attachment":[{"href":"https:\/\/www.confere.org.br\/wordpress\/wp-json\/wp\/v2\/media?parent=1088"}],"wp:term":[{"taxonomy":"category","embeddable":true,"href":"https:\/\/www.confere.org.br\/wordpress\/wp-json\/wp\/v2\/categories?post=1088"},{"taxonomy":"post_tag","embeddable":true,"href":"https:\/\/www.confere.org.br\/wordpress\/wp-json\/wp\/v2\/tags?post=1088"}],"curies":[{"name":"wp","href":"https:\/\/api.w.org\/{rel}","templated":true}]}}