{"id":1102,"date":"2019-11-14T10:03:27","date_gmt":"2019-11-14T13:03:27","guid":{"rendered":"http:\/\/www.confere.org.br\/wordpress\/?p=1102"},"modified":"2020-02-14T11:34:24","modified_gmt":"2020-02-14T13:34:24","slug":"processo-no-008-2019-concorrencia-publica-n-03-2019-contratacao-do-servico-de-publicidade-para-o-sistema-confere-cores","status":"publish","type":"post","link":"https:\/\/www.confere.org.br\/wordpress\/processo-no-008-2019-concorrencia-publica-n-03-2019-contratacao-do-servico-de-publicidade-para-o-sistema-confere-cores\/","title":{"rendered":"Processo de Licita\u00e7\u00e3o n\u00ba 008\/2019 &#8211; Contrata\u00e7\u00e3o do Servi\u00e7o de Publicidade para o Sistema Confere\/Cores"},"content":{"rendered":"\n<p>18\/09\/2019 &#8211;<a href=\"https:\/\/www.confere.org.br\/PDF\/LICITACOES_2019\/Ata%20da%203%C2%AA%20sess%C3%A3o.pdf\"> Ata da 3\u00aa Sess\u00e3o P\u00fablica &#8211; n\u00ba 03\/2019<\/a> <\/p>\n\n\n\n<p>09\/09\/2019 &#8211; <a href=\"https:\/\/www.confere.org.br\/PDF\/LICITACOES_2019\/Ata%20da%202%C2%AA%20sessao.pdf\">Ata da 2\u00aa Sess\u00e3o P\u00fablica &#8211; n\u00ba 03\/2019<\/a> <\/p>\n\n\n\n<p>03\/09\/2019 &#8211; <a href=\"https:\/\/www.confere.org.br\/PDF\/LICITACOES_2019\/Aviso%20de%202%C2%AA%20Sess%C3%A3o%20P%C3%BAblica.pdf\">Aviso de 2\u00aa Sess\u00e3o P\u00fablica &#8211; n\u00ba 03\/2019<\/a><\/p>\n\n\n\n<p>27\/08\/2019 &#8211; <a rel=\"noreferrer noopener\" aria-label=\"Ata da 1\u00ba Sess\u00e3o P\u00fablica (abre numa nova aba)\" href=\"https:\/\/confere.org.br\/PDF\/LICITACOES_2019\/ata%20reuniao26082019.pdf\" target=\"_blank\">Ata da 1\u00ba Sess\u00e3o P\u00fablica<\/a>   <\/p>\n\n\n\n<p>09\/07\/2019 &#8211; <a href=\"https:\/\/www.confere.org.br\/PDF\/LICITACOES_2019\/Edital%20PUBLICIDADE%20CONFERE%20RETIFICADO.pdf\">Instrumento convocat\u00f3rio &#8211; Publicidade<\/a><\/p>\n\n\n\n<p>25\/05\/2019 &#8211; <a href=\"https:\/\/www.confere.org.br\/PDF\/LICITACOES_2019\/ATA%20DA%20COMISSAO%20DE%20LICITACAO28052019.pdf\">Ata do Sorteio da Subcomiss\u00e3o de Licita\u00e7\u00f5es <\/a><\/p>\n\n\n\n<p>14\/05\/2019 &#8211; <a href=\"https:\/\/www.confere.org.br\/PDF\/LICITACOES_2019\/Rol%20de%20profissionais%20habilitados.pdf\">Aviso n\u00ba 01 Chamamento P\u00fablico<\/a> <\/p>\n\n\n\n<p>24\/04\/2019 &#8211; <a href=\"https:\/\/www.confere.org.br\/PDF\/LICITACOES_2019\/Edital%20Cham%20Pub%20Propaganda%20vers%C3%A3o%20final.pdf\">Chamamento P\u00fablico <\/a><\/p>\n\n\n\n<p>10\/12\/2019 &#8211; <a href=\"https:\/\/www.confere.org.br\/wordpress\/wp-content\/uploads\/2020\/02\/Extrato_de_Instrumento_Contratual_08_2019.pdf\">Extrato de Instrumento Contratual<\/a><\/p>\n\n\n\n<p><\/p>\n","protected":false},"excerpt":{"rendered":"<p>18\/09\/2019 &#8211; Ata da 3\u00aa Sess\u00e3o P\u00fablica &#8211; n\u00ba 03\/2019 09\/09\/2019 &#8211; Ata da 2\u00aa Sess\u00e3o P\u00fablica &#8211; n\u00ba 03\/2019 03\/09\/2019 &#8211; Aviso de 2\u00aa Sess\u00e3o P\u00fablica &#8211; n\u00ba 03\/2019 27\/08\/2019 &#8211; Ata da 1\u00ba Sess\u00e3o P\u00fablica 09\/07\/2019 &#8211; Instrumento convocat\u00f3rio &#8211; Publicidade 25\/05\/2019 &#8211; Ata do Sorteio da Subcomiss\u00e3o de Licita\u00e7\u00f5es 14\/05\/2019 &#8211; Aviso &hellip; <\/p>\n<p class=\"link-more\"><a href=\"https:\/\/www.confere.org.br\/wordpress\/processo-no-008-2019-concorrencia-publica-n-03-2019-contratacao-do-servico-de-publicidade-para-o-sistema-confere-cores\/\" class=\"more-link\">Continue lendo<span class=\"screen-reader-text\"> &#8220;Processo de Licita\u00e7\u00e3o n\u00ba 008\/2019 &#8211; Contrata\u00e7\u00e3o do Servi\u00e7o de Publicidade para o Sistema Confere\/Cores&#8221;<\/span><\/a><\/p>\n","protected":false},"author":1,"featured_media":0,"comment_status":"closed","ping_status":"open","sticky":false,"template":"","format":"standard","meta":[],"categories":[32],"tags":[],"_links":{"self":[{"href":"https:\/\/www.confere.org.br\/wordpress\/wp-json\/wp\/v2\/posts\/1102"}],"collection":[{"href":"https:\/\/www.confere.org.br\/wordpress\/wp-json\/wp\/v2\/posts"}],"about":[{"href":"https:\/\/www.confere.org.br\/wordpress\/wp-json\/wp\/v2\/types\/post"}],"author":[{"embeddable":true,"href":"https:\/\/www.confere.org.br\/wordpress\/wp-json\/wp\/v2\/users\/1"}],"replies":[{"embeddable":true,"href":"https:\/\/www.confere.org.br\/wordpress\/wp-json\/wp\/v2\/comments?post=1102"}],"version-history":[{"count":6,"href":"https:\/\/www.confere.org.br\/wordpress\/wp-json\/wp\/v2\/posts\/1102\/revisions"}],"predecessor-version":[{"id":2450,"href":"https:\/\/www.confere.org.br\/wordpress\/wp-json\/wp\/v2\/posts\/1102\/revisions\/2450"}],"wp:attachment":[{"href":"https:\/\/www.confere.org.br\/wordpress\/wp-json\/wp\/v2\/media?parent=1102"}],"wp:term":[{"taxonomy":"category","embeddable":true,"href":"https:\/\/www.confere.org.br\/wordpress\/wp-json\/wp\/v2\/categories?post=1102"},{"taxonomy":"post_tag","embeddable":true,"href":"https:\/\/www.confere.org.br\/wordpress\/wp-json\/wp\/v2\/tags?post=1102"}],"curies":[{"name":"wp","href":"https:\/\/api.w.org\/{rel}","templated":true}]}}