{"id":11087,"date":"2023-05-26T14:25:52","date_gmt":"2023-05-26T17:25:52","guid":{"rendered":"https:\/\/www.confere.org.br\/wordpress\/?p=11087"},"modified":"2023-05-29T16:44:53","modified_gmt":"2023-05-29T19:44:53","slug":"aviso-de-chamamento-publico-2","status":"publish","type":"post","link":"https:\/\/www.confere.org.br\/wordpress\/aviso-de-chamamento-publico-2\/","title":{"rendered":"AVISO DE CHAMAMENTO P\u00daBLICO"},"content":{"rendered":"\n<p>Processo Administrativo de Contrata\u00e7\u00e3o Direta n\u00ba 021\/23 \u2013 Chamamento P\u00fablico n\u00ba 04\/23<\/p>\n<p>O Conselho Federal dos Representantes Comerciais comunica aos interessados que foi divulgado no site: <a class=\"fui-Link ___1qmgydl f3rmtva f1ewtqcl fyind8e f1k6fduh f1w7gpdv fk6fouc fjoy568 figsok6 f1hu3pq6 f11qmguv f19f4twv f1tyq0we f1g0x7ka fhxju0i f1qch9an f1cnd47f fqv5qza f1vmzxwi f1o700av f13mvf36 f1cmlufx f9n3di6 f1ids18y f1tx3yz7 f1deo86v f1eh06m1 f1iescvh ftqa4ok f2hkw1w fhgqx19 f1olyrje f1p93eir f1h8hb77 f1x7u7e9 f10aw75t fsle3fq\" title=\"https:\/\/www.confere.org.br\/\" href=\"https:\/\/www.confere.org.br\/\" target=\"_blank\" rel=\"noreferrer noopener\" aria-label=\"Link https:\/\/www.confere.org.br\/\">https:\/\/www.confere.org.br\/<\/a> o edital de chamamento p\u00fablico e o seu termo de refer\u00eancia relacionado \u00e0 aquisi\u00e7\u00e3o de im\u00f3vel em Natal\/RN, para sediar o Conselho Regional dos Representantes Comerciais no Estado do Rio Grande do Norte.<\/p>\n<p>As propostas devem ser enviadas ao e-mail <a class=\"fui-Link ___1qmgydl f3rmtva f1ewtqcl fyind8e f1k6fduh f1w7gpdv fk6fouc fjoy568 figsok6 f1hu3pq6 f11qmguv f19f4twv f1tyq0we f1g0x7ka fhxju0i f1qch9an f1cnd47f fqv5qza f1vmzxwi f1o700av f13mvf36 f1cmlufx f9n3di6 f1ids18y f1tx3yz7 f1deo86v f1eh06m1 f1iescvh ftqa4ok f2hkw1w fhgqx19 f1olyrje f1p93eir f1h8hb77 f1x7u7e9 f10aw75t fsle3fq\" title=\"mailto:cpl@confere.org.br\" href=\"mailto:cpl@confere.org.br\" target=\"_blank\" rel=\"noreferrer noopener\" aria-label=\"Link cpl@confere.org.br\">cpl@confere.org.br<\/a>, no prazo de 29 de maio a 17 de junho de 2023.<\/p>\n<p>Archimedes Cavalcanti J\u00fanior<\/p>\n<p>Diretor-Presidente<\/p>\n\n\n\n<p><a href=\"https:\/\/www.confere.org.br\/wordpress\/wp-content\/uploads\/2023\/05\/Termo-de-Referencia-Aquisicao-de-Imovel-Core-RN-Vistado_ok.pdf\">Termo de Refer\u00eancia<\/a><\/p>\n<p><a href=\"https:\/\/www.confere.org.br\/wordpress\/wp-content\/uploads\/2023\/05\/Chamamento_Publico_Core-RN_assinado-3.pdf\">Edital de Chamamento P\u00fablico n\u00ba 04\/2023<\/a><\/p>\n<p><a href=\"https:\/\/www.confere.org.br\/wordpress\/wp-content\/uploads\/2023\/05\/Modelo-de-propostas-CONFERE-CORE-RN.pdf\">Anexo I<\/a><\/p>\n","protected":false},"excerpt":{"rendered":"<p>Confira o edital de chamamento p\u00fablico e o termo de refer\u00eancia relacionado \u00e0 aquisi\u00e7\u00e3o de im\u00f3vel em Natal\/RN, para sediar o Conselho Regional dos Representantes Comerciais no Estado do Rio Grande do Norte.<\/p>\n","protected":false},"author":3,"featured_media":11088,"comment_status":"closed","ping_status":"closed","sticky":false,"template":"","format":"standard","meta":[],"categories":[34,49,17],"tags":[],"_links":{"self":[{"href":"https:\/\/www.confere.org.br\/wordpress\/wp-json\/wp\/v2\/posts\/11087"}],"collection":[{"href":"https:\/\/www.confere.org.br\/wordpress\/wp-json\/wp\/v2\/posts"}],"about":[{"href":"https:\/\/www.confere.org.br\/wordpress\/wp-json\/wp\/v2\/types\/post"}],"author":[{"embeddable":true,"href":"https:\/\/www.confere.org.br\/wordpress\/wp-json\/wp\/v2\/users\/3"}],"replies":[{"embeddable":true,"href":"https:\/\/www.confere.org.br\/wordpress\/wp-json\/wp\/v2\/comments?post=11087"}],"version-history":[{"count":5,"href":"https:\/\/www.confere.org.br\/wordpress\/wp-json\/wp\/v2\/posts\/11087\/revisions"}],"predecessor-version":[{"id":11146,"href":"https:\/\/www.confere.org.br\/wordpress\/wp-json\/wp\/v2\/posts\/11087\/revisions\/11146"}],"wp:featuredmedia":[{"embeddable":true,"href":"https:\/\/www.confere.org.br\/wordpress\/wp-json\/wp\/v2\/media\/11088"}],"wp:attachment":[{"href":"https:\/\/www.confere.org.br\/wordpress\/wp-json\/wp\/v2\/media?parent=11087"}],"wp:term":[{"taxonomy":"category","embeddable":true,"href":"https:\/\/www.confere.org.br\/wordpress\/wp-json\/wp\/v2\/categories?post=11087"},{"taxonomy":"post_tag","embeddable":true,"href":"https:\/\/www.confere.org.br\/wordpress\/wp-json\/wp\/v2\/tags?post=11087"}],"curies":[{"name":"wp","href":"https:\/\/api.w.org\/{rel}","templated":true}]}}