{"id":11090,"date":"2023-05-26T15:09:49","date_gmt":"2023-05-26T18:09:49","guid":{"rendered":"https:\/\/www.confere.org.br\/wordpress\/?p=11090"},"modified":"2023-05-29T16:45:56","modified_gmt":"2023-05-29T19:45:56","slug":"aviso-de-chamamento-publico-3","status":"publish","type":"post","link":"https:\/\/www.confere.org.br\/wordpress\/aviso-de-chamamento-publico-3\/","title":{"rendered":"AVISO DE CHAMAMENTO P\u00daBLICO"},"content":{"rendered":"\n<p>Processo Administrativo de Contrata\u00e7\u00e3o Direta n\u00ba 022\/23 \u2013 Chamamento P\u00fablico n\u00ba 03\/23<\/p>\n\n\n\n<p>O Conselho Federal dos Representantes Comerciais comunica aos interessados que foi divulgado no site: <a href=\"https:\/\/www.confere.org.br\/\" rel=\"noreferrer noopener\" target=\"_blank\">https:\/\/www.confere.org.br\/<\/a> o edital de chamamento p\u00fablico e o seu termo de refer\u00eancia relacionado \u00e0 aquisi\u00e7\u00e3o de im\u00f3vel em S\u00e3o Lu\u00eds\/MA, para sediar o Conselho Regional dos Representantes Comerciais no Estado do Maranh\u00e3o.<\/p>\n\n\n\n<p>As propostas devem ser enviadas ao e-mail <a href=\"mailto:cpl@confere.org.br\" rel=\"noreferrer noopener\" target=\"_blank\">cpl@confere.org.br<\/a>, no prazo de 29 de maio a 17 de junho de 2023.<\/p>\n\n\n\n<p>Archimedes Cavalcanti J\u00fanior<\/p>\n\n\n\n<p>Diretor-Presidente<\/p>\n\n\n\n<p><a rel=\"noreferrer noopener\" href=\"https:\/\/www.confere.org.br\/wordpress\/wp-content\/uploads\/2023\/05\/Termo-de-Referencia-Aquisicao-de-Imovel-Core-MA-Vistado_ok.pdf\" target=\"_blank\">Termo de Refer\u00eancia<\/a><\/p>\n\n\n\n<p><a rel=\"noreferrer noopener\" href=\"https:\/\/www.confere.org.br\/wordpress\/wp-content\/uploads\/2023\/05\/Chamamento_Publico_Core_-_MA_assinado-4.pdf\" target=\"_blank\">Edital de Chamamento P\u00fablico n\u00ba 03\/2023<\/a><\/p>\n\n\n\n<p><a href=\"https:\/\/www.confere.org.br\/wordpress\/wp-content\/uploads\/2023\/05\/Modelo-de-propostas-CONFERE-CORE-MA.pdf\" target=\"_blank\" rel=\"noreferrer noopener\">Anexo I<\/a><\/p>\n","protected":false},"excerpt":{"rendered":"<p>Confira o edital de chamamento p\u00fablico e o termo de refer\u00eancia relacionado \u00e0 aquisi\u00e7\u00e3o de im\u00f3vel em S\u00e3o Lu\u00eds\/MA, para sediar o Conselho Regional dos Representantes Comerciais no Estado do Maranh\u00e3o.<\/p>\n","protected":false},"author":3,"featured_media":11091,"comment_status":"closed","ping_status":"closed","sticky":false,"template":"","format":"standard","meta":[],"categories":[34,49,17],"tags":[],"_links":{"self":[{"href":"https:\/\/www.confere.org.br\/wordpress\/wp-json\/wp\/v2\/posts\/11090"}],"collection":[{"href":"https:\/\/www.confere.org.br\/wordpress\/wp-json\/wp\/v2\/posts"}],"about":[{"href":"https:\/\/www.confere.org.br\/wordpress\/wp-json\/wp\/v2\/types\/post"}],"author":[{"embeddable":true,"href":"https:\/\/www.confere.org.br\/wordpress\/wp-json\/wp\/v2\/users\/3"}],"replies":[{"embeddable":true,"href":"https:\/\/www.confere.org.br\/wordpress\/wp-json\/wp\/v2\/comments?post=11090"}],"version-history":[{"count":5,"href":"https:\/\/www.confere.org.br\/wordpress\/wp-json\/wp\/v2\/posts\/11090\/revisions"}],"predecessor-version":[{"id":11148,"href":"https:\/\/www.confere.org.br\/wordpress\/wp-json\/wp\/v2\/posts\/11090\/revisions\/11148"}],"wp:featuredmedia":[{"embeddable":true,"href":"https:\/\/www.confere.org.br\/wordpress\/wp-json\/wp\/v2\/media\/11091"}],"wp:attachment":[{"href":"https:\/\/www.confere.org.br\/wordpress\/wp-json\/wp\/v2\/media?parent=11090"}],"wp:term":[{"taxonomy":"category","embeddable":true,"href":"https:\/\/www.confere.org.br\/wordpress\/wp-json\/wp\/v2\/categories?post=11090"},{"taxonomy":"post_tag","embeddable":true,"href":"https:\/\/www.confere.org.br\/wordpress\/wp-json\/wp\/v2\/tags?post=11090"}],"curies":[{"name":"wp","href":"https:\/\/api.w.org\/{rel}","templated":true}]}}