{"id":1120,"date":"2019-11-14T11:14:48","date_gmt":"2019-11-14T14:14:48","guid":{"rendered":"http:\/\/www.confere.org.br\/wordpress\/?p=1120"},"modified":"2019-11-14T11:18:24","modified_gmt":"2019-11-14T14:18:24","slug":"previa-do-pib-medida-pelo-banco-central-registra-alta-de-044-em-setembro","status":"publish","type":"post","link":"https:\/\/www.confere.org.br\/wordpress\/previa-do-pib-medida-pelo-banco-central-registra-alta-de-044-em-setembro\/","title":{"rendered":"&#8216;Pr\u00e9via&#8217; do PIB medida pelo Banco Central registra alta de 0,44% em setembro"},"content":{"rendered":"\n<p>O n\u00edvel de atividade da economia brasileira registrou alta de 0,44% em setembro, na compara\u00e7\u00e3o com agosto, indicou nesta quinta-feira (14) o \u00cdndice de Atividade Econ\u00f4mica do BC (IBC-Br). O indicador medido pelo Banco Central \u00e9 considerado uma &#8220;pr\u00e9via&#8221; do PIB.<\/p>\n\n\n\n<p>Com o resultado, a economia brasileira terminou o 3\u00ba trimestre com um crescimento de 0,91% frente aos 3 meses anteriores \u2013 maior alta trimestral desde o terceiro trimestre de 2018 (1,67%), segundo a ag\u00eancia Reuters.<\/p>\n\n\n\n<p>Na compara\u00e7\u00e3o com setembro de 2018, o IBC-Br subiu 2,11%, enquanto no acumulado em 12 meses o \u00edndice teve alta de 0,99%.<\/p>\n\n\n\n<p>A expans\u00e3o do m\u00eas ficou acima do esperado pelo mercado. A mediana das proje\u00e7\u00f5es colhidas pelo Valor Data era de uma alta de 0,39%.<\/p>\n\n\n\n<p>O resultado de setembro representa uma acelera\u00e7\u00e3o frente a alta de 0,22% registrada em agosto. Em julho, o indicador apontou estagna\u00e7\u00e3o (varia\u00e7\u00e3o zero).<\/p>\n\n\n\n<p>O \u00edndice foi calculado ap\u00f3s ajuste sazonal (uma esp\u00e9cie de compensa\u00e7\u00e3o para comparar per\u00edodos diferentes). O PIB \u00e9 a soma de todos os bens e servi\u00e7os produzidos no pa\u00eds e serve para medir a evolu\u00e7\u00e3o da economia.<\/p>\n\n\n\n<p>O resultado oficial do PIB do 3\u00ba trimestre ser\u00e1 divulgado pelo IBGE no dia 3 de dezembro. No 1\u00ba trimestre, houve queda de 0,1% e, no 2\u00ba trimestre, alta de 0,4%.<\/p>\n\n\n\n<h3>Perspectivas<\/h3>\n\n\n\n<p>Os indicadores econ\u00f4micos j\u00e1 divulgados mostram uma relativa melhora da economia no 3\u00ba trimestre, ap\u00f3s uma perda do ritmo de recupera\u00e7\u00e3o no in\u00edcio do ano, apesar do desemprego ainda alto.<\/p>\n\n\n\n<p>Nesta semana, o IBGE divulgou que as vendas no varejo registraram a&nbsp;<a href=\"https:\/\/g1.globo.com\/economia\/noticia\/2019\/11\/13\/vendas-do-comercio-crescem-07percent-em-setembro-diz-ibge.ghtml\">5\u00aa alta consecutiva em setembro, no melhor resultado para o m\u00eas em dez anos<\/a>. O setor de servi\u00e7os teve no mesmo m\u00eas o melhor desempenho para o m\u00eas desde 2014, zerando as perdas no ano. J\u00e1 a produ\u00e7\u00e3o industrial registrou a segunda alta mensal seguida.<\/p>\n\n\n\n<p>Os economistas das institui\u00e7\u00f5es financeiras&nbsp;<a href=\"https:\/\/g1.globo.com\/economia\/noticia\/2019\/11\/11\/mercado-financeiro-eleva-estimativa-de-inflacao-para-2019.ghtml\">projetam para 2019 uma alta de 0,92% para o PIB do Brasil,<\/a>&nbsp;ap\u00f3s um avan\u00e7o de 1,3% em 2017 e 1,1% em 2018. A&nbsp;<a href=\"https:\/\/g1.globo.com\/economia\/noticia\/2019\/11\/07\/governo-eleva-previsao-de-alta-do-pib-de-2019-para-09percent.ghtml\">previs\u00e3o do governo \u00e9 de um crescimento de 0,9%<\/a>.<\/p>\n\n\n\n<p>Para 2020, a estimativa do mercado subiu para 2,08%, de acordo com a \u00faltima pesquisa Focus do Banco Central.<\/p>\n\n\n\n<h3>PIB e IBC-Br<\/h3>\n\n\n\n<p>O IBC-Br foi criado para tentar antecipar o resultado do PIB, que \u00e9 divulgado pelo IBGE. Os resultados do IBC-Br, por\u00e9m, nem sempre mostraram proximidade com os dados oficiais do PIB.<\/p>\n\n\n\n<p>O c\u00e1lculo dos dois t\u00eam diferen\u00e7as \u2013 o \u00edndice do BC incorpora estimativas para a agropecu\u00e1ria, a ind\u00fastria e o setor de servi\u00e7os, al\u00e9m dos impostos.<\/p>\n","protected":false},"excerpt":{"rendered":"<p>No 3\u00ba trimestre, economia registrou crescimento de 0,91%, segundo o IBC-Br.<\/p>\n","protected":false},"author":1,"featured_media":1121,"comment_status":"closed","ping_status":"open","sticky":false,"template":"","format":"standard","meta":[],"categories":[2],"tags":[],"_links":{"self":[{"href":"https:\/\/www.confere.org.br\/wordpress\/wp-json\/wp\/v2\/posts\/1120"}],"collection":[{"href":"https:\/\/www.confere.org.br\/wordpress\/wp-json\/wp\/v2\/posts"}],"about":[{"href":"https:\/\/www.confere.org.br\/wordpress\/wp-json\/wp\/v2\/types\/post"}],"author":[{"embeddable":true,"href":"https:\/\/www.confere.org.br\/wordpress\/wp-json\/wp\/v2\/users\/1"}],"replies":[{"embeddable":true,"href":"https:\/\/www.confere.org.br\/wordpress\/wp-json\/wp\/v2\/comments?post=1120"}],"version-history":[{"count":1,"href":"https:\/\/www.confere.org.br\/wordpress\/wp-json\/wp\/v2\/posts\/1120\/revisions"}],"predecessor-version":[{"id":1124,"href":"https:\/\/www.confere.org.br\/wordpress\/wp-json\/wp\/v2\/posts\/1120\/revisions\/1124"}],"wp:featuredmedia":[{"embeddable":true,"href":"https:\/\/www.confere.org.br\/wordpress\/wp-json\/wp\/v2\/media\/1121"}],"wp:attachment":[{"href":"https:\/\/www.confere.org.br\/wordpress\/wp-json\/wp\/v2\/media?parent=1120"}],"wp:term":[{"taxonomy":"category","embeddable":true,"href":"https:\/\/www.confere.org.br\/wordpress\/wp-json\/wp\/v2\/categories?post=1120"},{"taxonomy":"post_tag","embeddable":true,"href":"https:\/\/www.confere.org.br\/wordpress\/wp-json\/wp\/v2\/tags?post=1120"}],"curies":[{"name":"wp","href":"https:\/\/api.w.org\/{rel}","templated":true}]}}