{"id":1122,"date":"2019-11-14T11:15:04","date_gmt":"2019-11-14T14:15:04","guid":{"rendered":"http:\/\/www.confere.org.br\/wordpress\/?p=1122"},"modified":"2022-05-17T10:21:38","modified_gmt":"2022-05-17T13:21:38","slug":"pregao-eletronico-no-10-2019-helpdesk","status":"publish","type":"post","link":"https:\/\/www.confere.org.br\/wordpress\/pregao-eletronico-no-10-2019-helpdesk\/","title":{"rendered":"Processo de Licita\u00e7\u00e3o n\u00ba 013\/2019 &#8211; Helpdesk"},"content":{"rendered":"\n<p> 06\/09\/2019 &#8211; <a href=\"https:\/\/www.confere.org.br\/PDF\/LICITACOES_2019\/Edital%20timbrado_06_09_19.pdf\" target=\"_blank\" rel=\"noreferrer noopener\">Instrumento convocat\u00f3rio &#8211; n\u00ba 10\/2019<\/a><\/p>\n\n\n\n<p>23\/02\/2021 &#8211; <a rel=\"noreferrer noopener\" href=\"https:\/\/www.confere.org.br\/wordpress\/wp-content\/uploads\/2021\/02\/MINUTA-EDITAL-TIMBRADO-HELPDESK-com-a-lei-123-edital-sem-timbre-10_03.pdf\" target=\"_blank\">Instrumento Convocat\u00f3rio II &#8211; Preg\u00e3o Eletr\u00f4nico N\u00ba 01\/2021<\/a><\/p>\n\n\n\n<p>24\/02\/2021 &#8211; <a rel=\"noreferrer noopener\" href=\"https:\/\/www.confere.org.br\/wordpress\/wp-content\/uploads\/2021\/02\/aviso-de-licitacao-n-012021.pdf\" target=\"_blank\">Publica\u00e7\u00e3o no DOU <\/a><\/p>\n\n\n\n<p>27\/02\/2021 &#8211; <a rel=\"noreferrer noopener\" href=\"https:\/\/www.confere.org.br\/wordpress\/wp-content\/uploads\/2021\/03\/RESPOSTA-A-PEDIDO-DE-ESCLARECIMENTO-Pregao-Eletronico-no-012021.pdf\" target=\"_blank\">Resposta ao Pedido de Esclarecimento<\/a><\/p>\n\n\n\n<p>03\/03\/2021 &#8211; <a rel=\"noreferrer noopener\" href=\"https:\/\/www.confere.org.br\/wordpress\/wp-content\/uploads\/2021\/03\/pedido-de-esclarecimento-n-022021.pdf\" target=\"_blank\">II Resposta ao Pedido de Esclarecimento<\/a><\/p>\n\n\n\n<p>05\/03\/2021 &#8211; <a rel=\"noreferrer noopener\" href=\"https:\/\/www.confere.org.br\/wordpress\/wp-content\/uploads\/2021\/03\/RESPOSTA-A-IMPUGNACAO-Pregao-Eletronico-n-01.pdf\" target=\"_blank\">Resposta \u00e0 Impugna\u00e7\u00e3o do Instrumento Convocat\u00f3rio<\/a><\/p>\n\n\n\n<p>29\/04\/2021 &#8211; <a rel=\"noreferrer noopener\" href=\"https:\/\/www.confere.org.br\/wordpress\/wp-content\/uploads\/2021\/04\/EDITAL-TIMBRADO-HELPDESK-com-a-lei-123-edital-com-timbre-e-ajustes-no-TR-TIMBRADO-27_05_2021.pdf\" target=\"_blank\">Edital Retificado Sess\u00e3o do dia 27\/05\/2021<\/a><\/p>\n\n\n\n<p>24\/06\/2021 &#8211; <a rel=\"noreferrer noopener\" href=\"https:\/\/www.confere.org.br\/wordpress\/wp-content\/uploads\/2021\/06\/TERMO-DE-ADJUDICACAO-HELPDESK.pdf\" target=\"_blank\">Termo de Adjudica\u00e7\u00e3o<\/a><\/p>\n\n\n\n<p>17\/05\/2022 &#8211; <a href=\"https:\/\/www.confere.org.br\/wordpress\/wp-content\/uploads\/2022\/05\/Publicacao-DOU-DATAGROUP-Termo-Aditivo.pdf\" target=\"_blank\" rel=\"noreferrer noopener\">Extrato do Termo Aditivo da DATAGROUP TECNOLOGIA DA INFORMA\u00c7\u00c3O LTDA no DOU<\/a><\/p>\n","protected":false},"excerpt":{"rendered":"<p>06\/09\/2019 &#8211; Instrumento convocat\u00f3rio &#8211; n\u00ba 10\/2019 23\/02\/2021 &#8211; Instrumento Convocat\u00f3rio II &#8211; Preg\u00e3o Eletr\u00f4nico N\u00ba 01\/2021 24\/02\/2021 &#8211; Publica\u00e7\u00e3o no DOU 27\/02\/2021 &#8211; Resposta ao Pedido de Esclarecimento 03\/03\/2021 &#8211; II Resposta ao Pedido de Esclarecimento 05\/03\/2021 &#8211; Resposta \u00e0 Impugna\u00e7\u00e3o do Instrumento Convocat\u00f3rio 29\/04\/2021 &#8211; Edital Retificado Sess\u00e3o do dia 27\/05\/2021 24\/06\/2021 &#8211; &hellip; <\/p>\n<p class=\"link-more\"><a href=\"https:\/\/www.confere.org.br\/wordpress\/pregao-eletronico-no-10-2019-helpdesk\/\" class=\"more-link\">Continue lendo<span class=\"screen-reader-text\"> &#8220;Processo de Licita\u00e7\u00e3o n\u00ba 013\/2019 &#8211; Helpdesk&#8221;<\/span><\/a><\/p>\n","protected":false},"author":1,"featured_media":0,"comment_status":"closed","ping_status":"closed","sticky":false,"template":"","format":"standard","meta":[],"categories":[32],"tags":[],"_links":{"self":[{"href":"https:\/\/www.confere.org.br\/wordpress\/wp-json\/wp\/v2\/posts\/1122"}],"collection":[{"href":"https:\/\/www.confere.org.br\/wordpress\/wp-json\/wp\/v2\/posts"}],"about":[{"href":"https:\/\/www.confere.org.br\/wordpress\/wp-json\/wp\/v2\/types\/post"}],"author":[{"embeddable":true,"href":"https:\/\/www.confere.org.br\/wordpress\/wp-json\/wp\/v2\/users\/1"}],"replies":[{"embeddable":true,"href":"https:\/\/www.confere.org.br\/wordpress\/wp-json\/wp\/v2\/comments?post=1122"}],"version-history":[{"count":13,"href":"https:\/\/www.confere.org.br\/wordpress\/wp-json\/wp\/v2\/posts\/1122\/revisions"}],"predecessor-version":[{"id":7398,"href":"https:\/\/www.confere.org.br\/wordpress\/wp-json\/wp\/v2\/posts\/1122\/revisions\/7398"}],"wp:attachment":[{"href":"https:\/\/www.confere.org.br\/wordpress\/wp-json\/wp\/v2\/media?parent=1122"}],"wp:term":[{"taxonomy":"category","embeddable":true,"href":"https:\/\/www.confere.org.br\/wordpress\/wp-json\/wp\/v2\/categories?post=1122"},{"taxonomy":"post_tag","embeddable":true,"href":"https:\/\/www.confere.org.br\/wordpress\/wp-json\/wp\/v2\/tags?post=1122"}],"curies":[{"name":"wp","href":"https:\/\/api.w.org\/{rel}","templated":true}]}}