{"id":11237,"date":"2023-06-09T19:13:14","date_gmt":"2023-06-09T22:13:14","guid":{"rendered":"https:\/\/www.confere.org.br\/wordpress\/?p=11237"},"modified":"2024-03-08T11:32:52","modified_gmt":"2024-03-08T14:32:52","slug":"revista-representacao-edicao-no-01","status":"publish","type":"post","link":"https:\/\/www.confere.org.br\/wordpress\/revista-representacao-edicao-no-01\/","title":{"rendered":"Revista RepresentA\u00c7\u00c3O &#8211; Edi\u00e7\u00e3o n\u00ba 01"},"content":{"rendered":"","protected":false},"excerpt":{"rendered":"<p>https:\/\/www.confere.org.br\/wordpress\/wp-content\/uploads\/2023\/06\/Revista_representAcao_Core-RS_06-06_.pdf<\/p>\n","protected":false},"author":3,"featured_media":11238,"comment_status":"closed","ping_status":"closed","sticky":false,"template":"","format":"standard","meta":[],"categories":[19,38],"tags":[],"_links":{"self":[{"href":"https:\/\/www.confere.org.br\/wordpress\/wp-json\/wp\/v2\/posts\/11237"}],"collection":[{"href":"https:\/\/www.confere.org.br\/wordpress\/wp-json\/wp\/v2\/posts"}],"about":[{"href":"https:\/\/www.confere.org.br\/wordpress\/wp-json\/wp\/v2\/types\/post"}],"author":[{"embeddable":true,"href":"https:\/\/www.confere.org.br\/wordpress\/wp-json\/wp\/v2\/users\/3"}],"replies":[{"embeddable":true,"href":"https:\/\/www.confere.org.br\/wordpress\/wp-json\/wp\/v2\/comments?post=11237"}],"version-history":[{"count":2,"href":"https:\/\/www.confere.org.br\/wordpress\/wp-json\/wp\/v2\/posts\/11237\/revisions"}],"predecessor-version":[{"id":11339,"href":"https:\/\/www.confere.org.br\/wordpress\/wp-json\/wp\/v2\/posts\/11237\/revisions\/11339"}],"wp:featuredmedia":[{"embeddable":true,"href":"https:\/\/www.confere.org.br\/wordpress\/wp-json\/wp\/v2\/media\/11238"}],"wp:attachment":[{"href":"https:\/\/www.confere.org.br\/wordpress\/wp-json\/wp\/v2\/media?parent=11237"}],"wp:term":[{"taxonomy":"category","embeddable":true,"href":"https:\/\/www.confere.org.br\/wordpress\/wp-json\/wp\/v2\/categories?post=11237"},{"taxonomy":"post_tag","embeddable":true,"href":"https:\/\/www.confere.org.br\/wordpress\/wp-json\/wp\/v2\/tags?post=11237"}],"curies":[{"name":"wp","href":"https:\/\/api.w.org\/{rel}","templated":true}]}}