{"id":11260,"date":"2023-06-14T09:04:09","date_gmt":"2023-06-14T12:04:09","guid":{"rendered":"https:\/\/www.confere.org.br\/wordpress\/?p=11260"},"modified":"2023-06-14T09:04:11","modified_gmt":"2023-06-14T12:04:11","slug":"palestra-como-atrair-conquistar-e-manter-clientes-o-passo-a-passo-da-fidelizacao-de-clientes-com-leandro-garibaldi","status":"publish","type":"post","link":"https:\/\/www.confere.org.br\/wordpress\/palestra-como-atrair-conquistar-e-manter-clientes-o-passo-a-passo-da-fidelizacao-de-clientes-com-leandro-garibaldi\/","title":{"rendered":"Palestra como atrair, conquistar e manter clientes: O passo a passo da fideliza\u00e7\u00e3o de clientes, com Leandro Garibaldi."},"content":{"rendered":"\n<p>O Core-GO, em parceria com o Sebrae\/GO, realizar\u00e1 no dia 21 de junho, \u00e0s 19h, a palestra \u201cComo atrair, conquistar e manter clientes: O passo a passo da fideliza\u00e7\u00e3o de clientes\u201d, com entrada gratuita. O evento ter\u00e1 lugar no audit\u00f3rio do Sebrae\/GO, na Avenida T 3, 1000, no Setor Bueno.<\/p>\n<p>Entre os assuntos abordados na palestra, o convidado e especialista em Gest\u00e3o de Pessoas, Leandro Garibaldi (@leandrogpb), abordar\u00e1 estrat\u00e9gias para conquistar a lealdade de clientes e analisar o p\u00fablico-alvo. \u00c0queles que j\u00e1 se inscreveram na primeira turma, ser\u00e1 enviada uma mensagem de confirma\u00e7\u00e3o pelo e-mail utilizado para a inscri\u00e7\u00e3o. A palestra ter\u00e1 dura\u00e7\u00e3o de duas horas e inclui uma pausa para o Coffee Break.<\/p>\n<p>Os interessados a se juntar \u00e0 segunda turma poder\u00e3o preencher o formul\u00e1rio de inscri\u00e7\u00e3o, dispon\u00edvel no site: www.core-go.org.br<\/p>\n","protected":false},"excerpt":{"rendered":"<p>Estrat\u00e9gias eficazes para conquistar a lealdade dos clientes e analisar o p\u00fablico-alvo.<\/p>\n","protected":false},"author":7,"featured_media":11261,"comment_status":"closed","ping_status":"closed","sticky":false,"template":"","format":"standard","meta":[],"categories":[34,49],"tags":[],"_links":{"self":[{"href":"https:\/\/www.confere.org.br\/wordpress\/wp-json\/wp\/v2\/posts\/11260"}],"collection":[{"href":"https:\/\/www.confere.org.br\/wordpress\/wp-json\/wp\/v2\/posts"}],"about":[{"href":"https:\/\/www.confere.org.br\/wordpress\/wp-json\/wp\/v2\/types\/post"}],"author":[{"embeddable":true,"href":"https:\/\/www.confere.org.br\/wordpress\/wp-json\/wp\/v2\/users\/7"}],"replies":[{"embeddable":true,"href":"https:\/\/www.confere.org.br\/wordpress\/wp-json\/wp\/v2\/comments?post=11260"}],"version-history":[{"count":1,"href":"https:\/\/www.confere.org.br\/wordpress\/wp-json\/wp\/v2\/posts\/11260\/revisions"}],"predecessor-version":[{"id":11262,"href":"https:\/\/www.confere.org.br\/wordpress\/wp-json\/wp\/v2\/posts\/11260\/revisions\/11262"}],"wp:featuredmedia":[{"embeddable":true,"href":"https:\/\/www.confere.org.br\/wordpress\/wp-json\/wp\/v2\/media\/11261"}],"wp:attachment":[{"href":"https:\/\/www.confere.org.br\/wordpress\/wp-json\/wp\/v2\/media?parent=11260"}],"wp:term":[{"taxonomy":"category","embeddable":true,"href":"https:\/\/www.confere.org.br\/wordpress\/wp-json\/wp\/v2\/categories?post=11260"},{"taxonomy":"post_tag","embeddable":true,"href":"https:\/\/www.confere.org.br\/wordpress\/wp-json\/wp\/v2\/tags?post=11260"}],"curies":[{"name":"wp","href":"https:\/\/api.w.org\/{rel}","templated":true}]}}