{"id":11264,"date":"2023-06-14T14:16:47","date_gmt":"2023-06-14T17:16:47","guid":{"rendered":"https:\/\/www.confere.org.br\/wordpress\/?p=11264"},"modified":"2023-06-14T15:03:11","modified_gmt":"2023-06-14T18:03:11","slug":"confere-realiza-1a-reuniao-das-dirigentes-do-sistema-confere-cores","status":"publish","type":"post","link":"https:\/\/www.confere.org.br\/wordpress\/confere-realiza-1a-reuniao-das-dirigentes-do-sistema-confere-cores\/","title":{"rendered":"Confere realiza 1\u00aa Reuni\u00e3o das Dirigentes do Sistema Confere\/Cores"},"content":{"rendered":"\n<p>Durante dois dias de reuni\u00e3o, a Diretoria Executiva do Confere, colaboradores e as dirigentes debateram sobre o desenvolvimento de pol\u00edticas de preven\u00e7\u00e3o e combate ao ass\u00e9dio moral e sexual no \u00e2mbito do Sistema Confere\/Cores, valoriza\u00e7\u00e3o das mulheres representantes comerciais, atrav\u00e9s de campanha em diversas m\u00eddias, e sobre est\u00edmulo e orienta\u00e7\u00e3o para maior participa\u00e7\u00e3o na gest\u00e3o dos Regionais.<\/p>\n<p>Na abertura, o diretor-presidente do Confere, Archimedes Cavalcanti J\u00fanior, destacou que a reuni\u00e3o \u00e9 um marco no Sistema Confere\/Cores, por reunir, pela primeira vez, lideran\u00e7as femininas da Representa\u00e7\u00e3o Comercial no Brasil.<\/p>\n<p>\u201cTratamos de pautas espec\u00edficas das mulheres, debatemos estrat\u00e9gias e medidas para inserir e estimular o aumento de mulheres na Representa\u00e7\u00e3o Comercial, assim como apresentamos um arcabou\u00e7o legal para fomentar o posicionamento das dirigentes na administra\u00e7\u00e3o dos seus Regionais\u201d, explicou Archimedes.<\/p>\n<p>Para Terezinha Wollmann, conselheira do Core-PR, a reuni\u00e3o foi essencial para a troca de experi\u00eancia das dirigentes do Sistema, na busca por solu\u00e7\u00f5es e boas pr\u00e1ticas de pol\u00edticas de engajamento feminino.<\/p>\n<p>K\u00e1rita Regina Martins Benitez, 3\u00aa diretora-suplente do Core-SP, falou sobre equidade: \u201cN\u00e3o disputamos espa\u00e7o. Queremos estar junto para construir um ambiente cada vez melhor para todos os representantes comerciais\u201d.<\/p>\n<p>Participaram da reuni\u00e3o: Terezinha Wollmann, conselheira do Core-PR; Rita de C\u00e1ssia de Oliveira, diretora-tesoureira do Core-PA; D\u00e9bora Duarte de Paula, diretora-secret\u00e1ria do Core-CE; Lucimayre Ferreira Vilarino, conselheira da Comiss\u00e3o Fiscal do Core-SP; K\u00e1rita Regina Martins Benitez, 3\u00aa diretora-suplente do Core-SP; Emanuelle Marizy de Paiva, assessora da Presid\u00eancia do Core-SP, corpo t\u00e9cnico-jur\u00eddico do Confere Bras\u00edlia e a Diretoria Executiva da Entidade. Por videoconfer\u00eancia, participaram: Lilian Neves Santos, diretora-suplente do Core-MG; Katia Santana Cruz, conselheira da Comiss\u00e3o Fiscal do Core-SE; Paulo Cesar Nauiack, diretor-presidente do Core-PR; e o corpo t\u00e9cnico-jur\u00eddico do Confere RJ.<\/p>\n<p>\u00a0<\/p>\n","protected":false},"excerpt":{"rendered":"<p>Nos dias 13 e 14 de junho, o Confere realizou a 1\u00aa Reuni\u00e3o das Dirigentes do Sistema Confere\/Cores, presencialmente, em Bras\u00edlia, para fomentar a\u00e7\u00f5es de promo\u00e7\u00e3o do protagonismo feminino e incentivar a inser\u00e7\u00e3o de mulheres no setor econ\u00f4mico da Representa\u00e7\u00e3o Comercial.<\/p>\n","protected":false},"author":3,"featured_media":11265,"comment_status":"closed","ping_status":"closed","sticky":false,"template":"","format":"standard","meta":[],"categories":[34,49,17],"tags":[],"_links":{"self":[{"href":"https:\/\/www.confere.org.br\/wordpress\/wp-json\/wp\/v2\/posts\/11264"}],"collection":[{"href":"https:\/\/www.confere.org.br\/wordpress\/wp-json\/wp\/v2\/posts"}],"about":[{"href":"https:\/\/www.confere.org.br\/wordpress\/wp-json\/wp\/v2\/types\/post"}],"author":[{"embeddable":true,"href":"https:\/\/www.confere.org.br\/wordpress\/wp-json\/wp\/v2\/users\/3"}],"replies":[{"embeddable":true,"href":"https:\/\/www.confere.org.br\/wordpress\/wp-json\/wp\/v2\/comments?post=11264"}],"version-history":[{"count":1,"href":"https:\/\/www.confere.org.br\/wordpress\/wp-json\/wp\/v2\/posts\/11264\/revisions"}],"predecessor-version":[{"id":11266,"href":"https:\/\/www.confere.org.br\/wordpress\/wp-json\/wp\/v2\/posts\/11264\/revisions\/11266"}],"wp:featuredmedia":[{"embeddable":true,"href":"https:\/\/www.confere.org.br\/wordpress\/wp-json\/wp\/v2\/media\/11265"}],"wp:attachment":[{"href":"https:\/\/www.confere.org.br\/wordpress\/wp-json\/wp\/v2\/media?parent=11264"}],"wp:term":[{"taxonomy":"category","embeddable":true,"href":"https:\/\/www.confere.org.br\/wordpress\/wp-json\/wp\/v2\/categories?post=11264"},{"taxonomy":"post_tag","embeddable":true,"href":"https:\/\/www.confere.org.br\/wordpress\/wp-json\/wp\/v2\/tags?post=11264"}],"curies":[{"name":"wp","href":"https:\/\/api.w.org\/{rel}","templated":true}]}}