{"id":11281,"date":"2023-06-19T13:39:17","date_gmt":"2023-06-19T16:39:17","guid":{"rendered":"https:\/\/www.confere.org.br\/wordpress\/?p=11281"},"modified":"2023-06-19T13:39:18","modified_gmt":"2023-06-19T16:39:18","slug":"mercado-eleva-para-214-projecao-do-crescimento-da-economia-em-2023","status":"publish","type":"post","link":"https:\/\/www.confere.org.br\/wordpress\/mercado-eleva-para-214-projecao-do-crescimento-da-economia-em-2023\/","title":{"rendered":"Mercado eleva para 2,14% proje\u00e7\u00e3o do crescimento da economia em 2023"},"content":{"rendered":"\n<p>A previs\u00e3o do mercado financeiro para o crescimento da economia brasileira este ano subiu pela sexta vez seguida, passando de 1,84% para 2,14%. A estimativa est\u00e1 no boletim Focus de hoje (19), pesquisa divulgada semanalmente pelo Banco Central (BC) com a proje\u00e7\u00e3o para os principais indicadores econ\u00f4micos.<img src=\"https:\/\/agenciabrasil.ebc.com.br\/ebc.png?id=1538890&amp;o=node\"><img src=\"https:\/\/agenciabrasil.ebc.com.br\/ebc.gif?id=1538890&amp;o=node\"><\/p>\n\n\n\n<p>Para o pr\u00f3ximo ano, a expectativa para o Produto Interno Bruto (PIB, a soma dos bens e servi\u00e7os produzidos no pa\u00eds) \u00e9 de crescimento de 1,2%. Em 2025 e 2026, o mercado financeiro projeta expans\u00e3o do PIB em 1,7% e 1,99%, respectivamente.<\/p>\n\n\n\n<p>J\u00e1 a previs\u00e3o para o \u00cdndice Nacional de Pre\u00e7os ao Consumidor Amplo (IPCA) &#8211; considerada a infla\u00e7\u00e3o oficial do pa\u00eds &#8211; tamb\u00e9m est\u00e1 em queda e passou de 5,42% para 5,12% neste ano. Para 2024, a estimativa de infla\u00e7\u00e3o ficou em 4%. Para 2025 e 2026, as previs\u00f5es s\u00e3o de 3,8% para os dois anos.<\/p>\n\n\n\n<p>A estimativa para este ano est\u00e1 acima do teto da meta de infla\u00e7\u00e3o que deve ser perseguida pelo BC. Definida pelo Conselho Monet\u00e1rio Nacional (CMN), a meta \u00e9 3,25% para 2023, com intervalo de toler\u00e2ncia de 1,5 ponto percentual para cima ou para baixo. Ou seja, o limite inferior \u00e9 1,75% e o superior 4,75%. Segundo o BC, no \u00faltimo&nbsp;<a href=\"http:\/\/agenciabrasil.ebc.com.br\/economia\/noticia\/2023-03\/bc-aumenta-projecao-de-crescimento-da-economia-de-1-para-12\" target=\"_blank\" rel=\"noreferrer noopener\">Relat\u00f3rio Trimestral de Infla\u00e7\u00e3o<\/a>, a chance de a infla\u00e7\u00e3o oficial superar o teto da meta em 2023 \u00e9 de 83%.&nbsp;&nbsp;&nbsp;&nbsp;&nbsp;&nbsp;<\/p>\n\n\n\n<p>A proje\u00e7\u00e3o do mercado para a infla\u00e7\u00e3o de 2024 tamb\u00e9m est\u00e1 acima do centro da meta prevista, fixada em 3%, mas ainda dentro do intervalo de toler\u00e2ncia de 1,5 ponto percentual.<\/p>\n\n\n\n<p>Em maio, influenciado por reajustes no setor de sa\u00fade e cuidados pessoais, o&nbsp;<a href=\"http:\/\/agenciabrasil.ebc.com.br\/economia\/noticia\/2023-06\/reajuste-no-setor-de-saude-e-cuidados-pessoais-puxa-inflacao-em-maio-0\" target=\"_blank\" rel=\"noreferrer noopener\">IPCA<\/a>&nbsp;ficou em 0,23%, segundo o Instituto Brasileiro de Geografia e Estat\u00edstica (IBGE). O resultado \u00e9 menor que a taxa de abril: 0,61%. O IPCA acumulado em 12 meses ficou em 3,94%, seguindo a tend\u00eancia de queda apresentada desde junho de 2022, quando o \u00edndice estava em 11,89%.<\/p>\n\n\n\n<h2>Taxa de juros<\/h2>\n\n\n\n<p>Para alcan\u00e7ar a meta de infla\u00e7\u00e3o, o Banco Central usa como principal instrumento a taxa b\u00e1sica de juros, a Selic, definida em 13,75% ao ano pelo Comit\u00ea de Pol\u00edtica Monet\u00e1ria (Copom). A taxa est\u00e1 nesse n\u00edvel desde agosto de 2022, e \u00e9 a maior desde janeiro de 2017, quando tamb\u00e9m estava nesse patamar.<\/p>\n\n\n\n<p>Para o mercado financeiro, a expectativa \u00e9 de que a Selic encerre 2023 em 12,25% ao ano. Para o fim de 2024, a estimativa \u00e9 que a taxa b\u00e1sica caia para 9,5% ao ano. J\u00e1 para o fim de 2025 e de 2026, a previs\u00e3o \u00e9 de Selic em 9% ao ano e 8,75% ao ano, respectivamente.<\/p>\n\n\n\n<h2>Pre\u00e7os<\/h2>\n\n\n\n<p>Quando o Copom aumenta a taxa b\u00e1sica de juros, a finalidade \u00e9 conter a demanda aquecida, e isso causa reflexos nos pre\u00e7os porque os juros mais altos encarecem o cr\u00e9dito e estimulam a poupan\u00e7a. Mas, al\u00e9m da Selic, os bancos consideram outros fatores na hora de definir os juros cobrados dos consumidores, como risco de inadimpl\u00eancia, lucro e despesas administrativas. Desse modo, taxas mais altas tamb\u00e9m podem dificultar a expans\u00e3o da economia.<\/p>\n\n\n\n<p>Quando o Copom diminui a Selic, a tend\u00eancia \u00e9 que o cr\u00e9dito fique mais barato, com incentivo \u00e0 produ\u00e7\u00e3o e ao consumo, reduzindo o controle sobre a infla\u00e7\u00e3o e estimulando a atividade econ\u00f4mica. Por fim, a previs\u00e3o do mercado financeiro para a cota\u00e7\u00e3o do d\u00f3lar est\u00e1 em R$ 5 para o fim deste ano. Para o fim de 2024, a previs\u00e3o \u00e9 de que a moeda americana fique em R$ 5,10.<\/p>\n\n\n\n<p>Fonte: Ag\u00eancia Brasil<\/p>\n","protected":false},"excerpt":{"rendered":"<p>Estimativa da infla\u00e7\u00e3o cai para 5,12%<\/p>\n","protected":false},"author":3,"featured_media":5821,"comment_status":"closed","ping_status":"closed","sticky":false,"template":"","format":"standard","meta":[],"categories":[2],"tags":[],"_links":{"self":[{"href":"https:\/\/www.confere.org.br\/wordpress\/wp-json\/wp\/v2\/posts\/11281"}],"collection":[{"href":"https:\/\/www.confere.org.br\/wordpress\/wp-json\/wp\/v2\/posts"}],"about":[{"href":"https:\/\/www.confere.org.br\/wordpress\/wp-json\/wp\/v2\/types\/post"}],"author":[{"embeddable":true,"href":"https:\/\/www.confere.org.br\/wordpress\/wp-json\/wp\/v2\/users\/3"}],"replies":[{"embeddable":true,"href":"https:\/\/www.confere.org.br\/wordpress\/wp-json\/wp\/v2\/comments?post=11281"}],"version-history":[{"count":1,"href":"https:\/\/www.confere.org.br\/wordpress\/wp-json\/wp\/v2\/posts\/11281\/revisions"}],"predecessor-version":[{"id":11282,"href":"https:\/\/www.confere.org.br\/wordpress\/wp-json\/wp\/v2\/posts\/11281\/revisions\/11282"}],"wp:featuredmedia":[{"embeddable":true,"href":"https:\/\/www.confere.org.br\/wordpress\/wp-json\/wp\/v2\/media\/5821"}],"wp:attachment":[{"href":"https:\/\/www.confere.org.br\/wordpress\/wp-json\/wp\/v2\/media?parent=11281"}],"wp:term":[{"taxonomy":"category","embeddable":true,"href":"https:\/\/www.confere.org.br\/wordpress\/wp-json\/wp\/v2\/categories?post=11281"},{"taxonomy":"post_tag","embeddable":true,"href":"https:\/\/www.confere.org.br\/wordpress\/wp-json\/wp\/v2\/tags?post=11281"}],"curies":[{"name":"wp","href":"https:\/\/api.w.org\/{rel}","templated":true}]}}