{"id":11303,"date":"2023-06-22T09:03:44","date_gmt":"2023-06-22T12:03:44","guid":{"rendered":"https:\/\/www.confere.org.br\/wordpress\/?p=11303"},"modified":"2023-06-25T12:28:31","modified_gmt":"2023-06-25T15:28:31","slug":"deputado-afonso-motta-apresenta-relatorio-favoravel-ao-pl-981-que-altera-a-lei-8-989-de-1985-para-conceder-isencao-do-imposto-sobre-produtos-industrializados-ipi-na-aquisicao-de-automoveis-por-re","status":"publish","type":"post","link":"https:\/\/www.confere.org.br\/wordpress\/deputado-afonso-motta-apresenta-relatorio-favoravel-ao-pl-981-que-altera-a-lei-8-989-de-1985-para-conceder-isencao-do-imposto-sobre-produtos-industrializados-ipi-na-aquisicao-de-automoveis-por-re\/","title":{"rendered":"Deputado Afonso Motta apresenta relat\u00f3rio favor\u00e1vel ao PL 981, que altera a Lei n\u00ba 8.989\/85, para conceder isen\u00e7\u00e3o do Imposto sobre Produtos Industrializados (IPI) na aquisi\u00e7\u00e3o de autom\u00f3veis por Representantes Comerciais"},"content":{"rendered":"\n<p>Com muita alegria, comunicamos que foi protocolado na Comiss\u00e3o de Constitui\u00e7\u00e3o e Justi\u00e7a da C\u00e2mara Federal, na tarde de ontem, 21\/06\/2023, relat\u00f3rio favor\u00e1vel ao PL 981, de 2019, que altera a Lei n\u00ba 8.989\/85,  para conceder isen\u00e7\u00e3o do Imposto sobre Produtos Industrializados (IPI) na aquisi\u00e7\u00e3o de autom\u00f3veis por Representantes Comerciais.<\/p>\n\n\n\n<p>O relator Deputado Afonso Motta (PDT-RS) votou pela constitucionalidade, juridicidade e boa t\u00e9cnica do Projeto de Lei que favorece nosso setor econ\u00f4mico.<\/p>\n\n\n\n<p>O Projeto de Lei j\u00e1 est\u00e1 na mesa da referida Comiss\u00e3o para ser votado em car\u00e1ter terminativo.<\/p>\n\n\n\n<p>Faremos uma for\u00e7a tarefa junto aos Deputados da Comiss\u00e3o e Justi\u00e7a para aprovarmos esse Projeto de Lei, t\u00e3o almejado por todos, e que em seu curso, teve muitas contribui\u00e7\u00f5es de in\u00fameros Regionais e da Diretoria de Assuntos Institucionais do Confere.<\/p>\n\n\n\n<p><a href=\"https:\/\/www.camara.leg.br\/proposicoesWeb\/fichadetramitacao?idProposicao=2192593\">Consulte a tramita\u00e7\u00e3o do PL n\u00ba 981\/2019<\/a><\/p>\n\n\n","protected":false},"excerpt":{"rendered":"<p>Com muita alegria, comunicamos que foi protocolado na Comiss\u00e3o de Constitui\u00e7\u00e3o e Justi\u00e7a da C\u00e2mara Federal, na tarde de ontem, 21\/06\/2023, relat\u00f3rio favor\u00e1vel ao PL 981, de 2019, que altera a Lei n\u00ba 8.989\/85, para conceder isen\u00e7\u00e3o do Imposto sobre Produtos Industrializados (IPI) na aquisi\u00e7\u00e3o de autom\u00f3veis por Representantes Comerciais. O relator Deputado Afonso Motta &hellip; <\/p>\n<p class=\"link-more\"><a href=\"https:\/\/www.confere.org.br\/wordpress\/deputado-afonso-motta-apresenta-relatorio-favoravel-ao-pl-981-que-altera-a-lei-8-989-de-1985-para-conceder-isencao-do-imposto-sobre-produtos-industrializados-ipi-na-aquisicao-de-automoveis-por-re\/\" class=\"more-link\">Continue lendo<span class=\"screen-reader-text\"> &#8220;Deputado Afonso Motta apresenta relat\u00f3rio favor\u00e1vel ao PL 981, que altera a Lei n\u00ba 8.989\/85, para conceder isen\u00e7\u00e3o do Imposto sobre Produtos Industrializados (IPI) na aquisi\u00e7\u00e3o de autom\u00f3veis por Representantes Comerciais&#8221;<\/span><\/a><\/p>\n","protected":false},"author":3,"featured_media":7962,"comment_status":"closed","ping_status":"closed","sticky":false,"template":"","format":"standard","meta":[],"categories":[34,49,17],"tags":[],"_links":{"self":[{"href":"https:\/\/www.confere.org.br\/wordpress\/wp-json\/wp\/v2\/posts\/11303"}],"collection":[{"href":"https:\/\/www.confere.org.br\/wordpress\/wp-json\/wp\/v2\/posts"}],"about":[{"href":"https:\/\/www.confere.org.br\/wordpress\/wp-json\/wp\/v2\/types\/post"}],"author":[{"embeddable":true,"href":"https:\/\/www.confere.org.br\/wordpress\/wp-json\/wp\/v2\/users\/3"}],"replies":[{"embeddable":true,"href":"https:\/\/www.confere.org.br\/wordpress\/wp-json\/wp\/v2\/comments?post=11303"}],"version-history":[{"count":4,"href":"https:\/\/www.confere.org.br\/wordpress\/wp-json\/wp\/v2\/posts\/11303\/revisions"}],"predecessor-version":[{"id":11335,"href":"https:\/\/www.confere.org.br\/wordpress\/wp-json\/wp\/v2\/posts\/11303\/revisions\/11335"}],"wp:featuredmedia":[{"embeddable":true,"href":"https:\/\/www.confere.org.br\/wordpress\/wp-json\/wp\/v2\/media\/7962"}],"wp:attachment":[{"href":"https:\/\/www.confere.org.br\/wordpress\/wp-json\/wp\/v2\/media?parent=11303"}],"wp:term":[{"taxonomy":"category","embeddable":true,"href":"https:\/\/www.confere.org.br\/wordpress\/wp-json\/wp\/v2\/categories?post=11303"},{"taxonomy":"post_tag","embeddable":true,"href":"https:\/\/www.confere.org.br\/wordpress\/wp-json\/wp\/v2\/tags?post=11303"}],"curies":[{"name":"wp","href":"https:\/\/api.w.org\/{rel}","templated":true}]}}