{"id":11307,"date":"2023-06-22T09:31:21","date_gmt":"2023-06-22T12:31:21","guid":{"rendered":"https:\/\/www.confere.org.br\/wordpress\/?p=11307"},"modified":"2023-06-22T09:33:22","modified_gmt":"2023-06-22T12:33:22","slug":"core-sc-participa-da-exporsuper-2023","status":"publish","type":"post","link":"https:\/\/www.confere.org.br\/wordpress\/core-sc-participa-da-exporsuper-2023\/","title":{"rendered":"Core-SC participa da Exporsuper 2023"},"content":{"rendered":"\n<p>A ExpoSuper 2023 \u00e9 uma feira de neg\u00f3cios e conven\u00e7\u00e3o promovida pela @acats.oficial e voltada para o setor de varejo, reunindo empres\u00e1rios, profissionais e especialistas da ind\u00fastria aliment\u00edcia e do varejo em geral.<\/p>\n\n\n\n<p>Al\u00e9m da feira, com exposi\u00e7\u00e3o de produtos e demonstra\u00e7\u00f5es, a programa\u00e7\u00e3o da ExpoSuper 2023 inclui uma s\u00e9rie de palestras e pain\u00e9is tem\u00e1ticos.<\/p>\n\n\n\n<p>Em 2022, o evento reuniu 250 expositores e 22 mil visitantes, com mais de R$ 1BI em neg\u00f3cios gerados.<\/p>\n\n\n\n<figure class=\"wp-block-image size-full\"><img width=\"706\" height=\"589\" src=\"https:\/\/www.confere.org.br\/wordpress\/wp-content\/uploads\/2023\/06\/image.jpg\" alt=\"\" class=\"wp-image-11308\" srcset=\"https:\/\/www.confere.org.br\/wordpress\/wp-content\/uploads\/2023\/06\/image.jpg 706w, https:\/\/www.confere.org.br\/wordpress\/wp-content\/uploads\/2023\/06\/image-300x250.jpg 300w\" sizes=\"(max-width: 706px) 100vw, 706px\" \/><\/figure>\n","protected":false},"excerpt":{"rendered":"<p>O Regional, em seu estande, orienta sobre o exerc\u00edcio da Representa\u00e7\u00e3o Comercial e presta atendimentos, como a emiss\u00e3o da carteira digital<\/p>\n","protected":false},"author":3,"featured_media":11309,"comment_status":"closed","ping_status":"closed","sticky":false,"template":"","format":"standard","meta":[],"categories":[34,49,17],"tags":[],"_links":{"self":[{"href":"https:\/\/www.confere.org.br\/wordpress\/wp-json\/wp\/v2\/posts\/11307"}],"collection":[{"href":"https:\/\/www.confere.org.br\/wordpress\/wp-json\/wp\/v2\/posts"}],"about":[{"href":"https:\/\/www.confere.org.br\/wordpress\/wp-json\/wp\/v2\/types\/post"}],"author":[{"embeddable":true,"href":"https:\/\/www.confere.org.br\/wordpress\/wp-json\/wp\/v2\/users\/3"}],"replies":[{"embeddable":true,"href":"https:\/\/www.confere.org.br\/wordpress\/wp-json\/wp\/v2\/comments?post=11307"}],"version-history":[{"count":2,"href":"https:\/\/www.confere.org.br\/wordpress\/wp-json\/wp\/v2\/posts\/11307\/revisions"}],"predecessor-version":[{"id":11312,"href":"https:\/\/www.confere.org.br\/wordpress\/wp-json\/wp\/v2\/posts\/11307\/revisions\/11312"}],"wp:featuredmedia":[{"embeddable":true,"href":"https:\/\/www.confere.org.br\/wordpress\/wp-json\/wp\/v2\/media\/11309"}],"wp:attachment":[{"href":"https:\/\/www.confere.org.br\/wordpress\/wp-json\/wp\/v2\/media?parent=11307"}],"wp:term":[{"taxonomy":"category","embeddable":true,"href":"https:\/\/www.confere.org.br\/wordpress\/wp-json\/wp\/v2\/categories?post=11307"},{"taxonomy":"post_tag","embeddable":true,"href":"https:\/\/www.confere.org.br\/wordpress\/wp-json\/wp\/v2\/tags?post=11307"}],"curies":[{"name":"wp","href":"https:\/\/api.w.org\/{rel}","templated":true}]}}