{"id":11314,"date":"2023-06-22T12:13:38","date_gmt":"2023-06-22T15:13:38","guid":{"rendered":"https:\/\/www.confere.org.br\/wordpress\/?p=11314"},"modified":"2023-06-22T12:15:46","modified_gmt":"2023-06-22T15:15:46","slug":"processo-de-licitacao-no-024-2018-aquisicao-de-materiais-permanentes-de-informatica","status":"publish","type":"post","link":"https:\/\/www.confere.org.br\/wordpress\/processo-de-licitacao-no-024-2018-aquisicao-de-materiais-permanentes-de-informatica\/","title":{"rendered":"Processo de Licita\u00e7\u00e3o n\u00ba 024\/2018 &#8211; Aquisi\u00e7\u00e3o de Materiais Permanentes de Inform\u00e1tica"},"content":{"rendered":"\n<ul><li><a href=\"https:\/\/www.confere.org.br\/wordpress\/wp-content\/uploads\/2023\/06\/EDITAL-PARA-PUBLICACAO-NO-TIMBRADO-MATERIAL-PERMANENTE.pdf\" target=\"_blank\" rel=\"noreferrer noopener\">Edital &#8211; Preg\u00e3o Eletr\u00f4nico n\u00ba 015\/2018<\/a><\/li><li><a href=\"https:\/\/www.confere.org.br\/wordpress\/wp-content\/uploads\/2023\/06\/TERMO-DE-ADJUDICACAO-1.pdf\" target=\"_blank\" rel=\"noreferrer noopener\">Termo de Adjudica\u00e7\u00e3o<\/a><\/li><li><a href=\"https:\/\/www.confere.org.br\/wordpress\/wp-content\/uploads\/2023\/06\/TERMO-DE-HOMOLOGACAO-PREGAO.pdf\" target=\"_blank\" rel=\"noreferrer noopener\">Termo de Homologa\u00e7\u00e3o<\/a><\/li><\/ul>\n","protected":false},"excerpt":{"rendered":"<p>Edital &#8211; Preg\u00e3o Eletr\u00f4nico n\u00ba 015\/2018 Termo de Adjudica\u00e7\u00e3o Termo de Homologa\u00e7\u00e3o<\/p>\n","protected":false},"author":3,"featured_media":0,"comment_status":"closed","ping_status":"closed","sticky":false,"template":"","format":"standard","meta":[],"categories":[32],"tags":[],"_links":{"self":[{"href":"https:\/\/www.confere.org.br\/wordpress\/wp-json\/wp\/v2\/posts\/11314"}],"collection":[{"href":"https:\/\/www.confere.org.br\/wordpress\/wp-json\/wp\/v2\/posts"}],"about":[{"href":"https:\/\/www.confere.org.br\/wordpress\/wp-json\/wp\/v2\/types\/post"}],"author":[{"embeddable":true,"href":"https:\/\/www.confere.org.br\/wordpress\/wp-json\/wp\/v2\/users\/3"}],"replies":[{"embeddable":true,"href":"https:\/\/www.confere.org.br\/wordpress\/wp-json\/wp\/v2\/comments?post=11314"}],"version-history":[{"count":1,"href":"https:\/\/www.confere.org.br\/wordpress\/wp-json\/wp\/v2\/posts\/11314\/revisions"}],"predecessor-version":[{"id":11318,"href":"https:\/\/www.confere.org.br\/wordpress\/wp-json\/wp\/v2\/posts\/11314\/revisions\/11318"}],"wp:attachment":[{"href":"https:\/\/www.confere.org.br\/wordpress\/wp-json\/wp\/v2\/media?parent=11314"}],"wp:term":[{"taxonomy":"category","embeddable":true,"href":"https:\/\/www.confere.org.br\/wordpress\/wp-json\/wp\/v2\/categories?post=11314"},{"taxonomy":"post_tag","embeddable":true,"href":"https:\/\/www.confere.org.br\/wordpress\/wp-json\/wp\/v2\/tags?post=11314"}],"curies":[{"name":"wp","href":"https:\/\/api.w.org\/{rel}","templated":true}]}}