{"id":11330,"date":"2023-06-23T17:08:29","date_gmt":"2023-06-23T20:08:29","guid":{"rendered":"https:\/\/www.confere.org.br\/wordpress\/?p=11330"},"modified":"2023-06-25T12:26:53","modified_gmt":"2023-06-25T15:26:53","slug":"apoiamos-o-pl-981-2019-em-tramitacao-na-camara-dos-deputados","status":"publish","type":"post","link":"https:\/\/www.confere.org.br\/wordpress\/apoiamos-o-pl-981-2019-em-tramitacao-na-camara-dos-deputados\/","title":{"rendered":"Apoiamos o PL 981\/2019, em tramita\u00e7\u00e3o na C\u00e2mara dos Deputados"},"content":{"rendered":"\n<p>Obtivemos nesta quarta-feira, 21\/06\/2023, parecer favor\u00e1vel do relator, o deputado Afonso Motta (PDT-RS), que votou pela constitucionalidade, juridicidade e boa t\u00e9cnica do Projeto de Lei, que favorece nosso setor econ\u00f4mico.\u00a0<\/p>\n<p>O PL j\u00e1 est\u00e1 na mesa da Comiss\u00e3o de Constitui\u00e7\u00e3o e Justi\u00e7a para ser votado em car\u00e1ter terminativo e o Sistema Confere\/Cores est\u00e1 numa for\u00e7a tarefa junto aos Deputados da referida Comiss\u00e3o para aprovarmos esse Projeto de Lei, t\u00e3o almejado por todos, e que em seu curso, teve muitas contribui\u00e7\u00f5es de in\u00fameros Regionais e da Diretoria de Assuntos Institucionais do Confere.<\/p>\n<p><a href=\"https:\/\/www.camara.leg.br\/proposicoesWeb\/fichadetramitacao?idProposicao=2192593\">Consulte a tramita\u00e7\u00e3o do PL n\u00ba 981\/2019<\/a><\/p>\n","protected":false},"excerpt":{"rendered":"<p>O Projeto de Lei favorece nosso setor econ\u00f4mico ao conceder isen\u00e7\u00e3o do Imposto sobre Produtos Industrializados (IPI) na aquisi\u00e7\u00e3o de autom\u00f3veis por Representantes Comerciais. <\/p>\n","protected":false},"author":3,"featured_media":11331,"comment_status":"closed","ping_status":"closed","sticky":false,"template":"","format":"standard","meta":[],"categories":[34,49,17],"tags":[],"_links":{"self":[{"href":"https:\/\/www.confere.org.br\/wordpress\/wp-json\/wp\/v2\/posts\/11330"}],"collection":[{"href":"https:\/\/www.confere.org.br\/wordpress\/wp-json\/wp\/v2\/posts"}],"about":[{"href":"https:\/\/www.confere.org.br\/wordpress\/wp-json\/wp\/v2\/types\/post"}],"author":[{"embeddable":true,"href":"https:\/\/www.confere.org.br\/wordpress\/wp-json\/wp\/v2\/users\/3"}],"replies":[{"embeddable":true,"href":"https:\/\/www.confere.org.br\/wordpress\/wp-json\/wp\/v2\/comments?post=11330"}],"version-history":[{"count":3,"href":"https:\/\/www.confere.org.br\/wordpress\/wp-json\/wp\/v2\/posts\/11330\/revisions"}],"predecessor-version":[{"id":11334,"href":"https:\/\/www.confere.org.br\/wordpress\/wp-json\/wp\/v2\/posts\/11330\/revisions\/11334"}],"wp:featuredmedia":[{"embeddable":true,"href":"https:\/\/www.confere.org.br\/wordpress\/wp-json\/wp\/v2\/media\/11331"}],"wp:attachment":[{"href":"https:\/\/www.confere.org.br\/wordpress\/wp-json\/wp\/v2\/media?parent=11330"}],"wp:term":[{"taxonomy":"category","embeddable":true,"href":"https:\/\/www.confere.org.br\/wordpress\/wp-json\/wp\/v2\/categories?post=11330"},{"taxonomy":"post_tag","embeddable":true,"href":"https:\/\/www.confere.org.br\/wordpress\/wp-json\/wp\/v2\/tags?post=11330"}],"curies":[{"name":"wp","href":"https:\/\/api.w.org\/{rel}","templated":true}]}}