{"id":11344,"date":"2023-06-27T09:45:37","date_gmt":"2023-06-27T12:45:37","guid":{"rendered":"https:\/\/www.confere.org.br\/wordpress\/?p=11344"},"modified":"2023-06-27T09:45:39","modified_gmt":"2023-06-27T12:45:39","slug":"credito-caro-trava-avanco-do-varejo-e-cnc-estima-crescimento-das-vendas-em-18-no-ano","status":"publish","type":"post","link":"https:\/\/www.confere.org.br\/wordpress\/credito-caro-trava-avanco-do-varejo-e-cnc-estima-crescimento-das-vendas-em-18-no-ano\/","title":{"rendered":"Cr\u00e9dito caro trava avan\u00e7o do varejo, e CNC estima crescimento das vendas em 1,8% no ano"},"content":{"rendered":"\n<p>Mesmo com a perspectiva de menor aperto monet\u00e1rio para o pr\u00f3ximo trimestre, a redu\u00e7\u00e3o dos juros dever\u00e1 ocorrer de forma lenta e gradual \u2013 provavelmente apenas a partir da reuni\u00e3o do Comit\u00ea de Pol\u00edtica Monet\u00e1ria (Copom) de setembro, o que n\u00e3o deve permitir uma acelera\u00e7\u00e3o significativa do com\u00e9rcio ao longo de 2023.<\/p>\n\n\n\n<p>Desde o in\u00edcio deste m\u00eas, a mediana das expectativas de infla\u00e7\u00e3o nos 12 meses subsequentes j\u00e1 se encontra abaixo do limite superior do regime de metas de infla\u00e7\u00e3o, que \u00e9 de 4,75% ao ano. \u201cA converg\u00eancia das expectativas inflacion\u00e1rias ao ponto central da meta abre espa\u00e7o para a flexibiliza\u00e7\u00e3o do atual aperto monet\u00e1rio que, sob a \u00f3tica do varejo, poder\u00e1 se refletir em uma dinamiza\u00e7\u00e3o das vendas, impulsionadas pelo barateamento do cr\u00e9dito, esperado nos pr\u00f3ximos meses\u201d, afirma o presidente da CNC, Jos\u00e9 Roberto Tadros.<\/p>\n\n\n\n<p>Segundo Tadros, o cen\u00e1rio pouco prop\u00edcio ao ganho de tra\u00e7\u00e3o das vendas do com\u00e9rcio conta ainda com o elevado grau de endividamento das fam\u00edlias. De acordo com dados do Banco Central, desde setembro de 2021, pelo menos 30% da renda m\u00e9dia dos consumidores se encontra comprometida com a amortiza\u00e7\u00e3o e os servi\u00e7os de d\u00edvidas.<\/p>\n\n\n\n<p><strong>Farm\u00e1cias, combust\u00edveis e supermercados puxam retomada p\u00f3s-pandemia<\/strong><\/p>\n\n\n\n<p>O economista da CNC Fabio Bentes aponta que, mesmo de maneira comedida, h\u00e1 uma gradativa recupera\u00e7\u00e3o das perdas do varejo ocasionadas pela pandemia de covid-19. Tendo como par\u00e2metro o m\u00eas de fevereiro de 2020, as vendas cresceram 4,4% em abril deste ano, o que revela uma tend\u00eancia suave de regenera\u00e7\u00e3o. Nos \u00faltimos tr\u00eas anos, os ramos mais especializados no atendimento de demandas essenciais t\u00eam se destacado nas vendas, como farm\u00e1cias e perfumarias, que tiveram amplia\u00e7\u00e3o de 22,6%, seguidas de combust\u00edveis e lubrificantes, com alta de 10,9%, e hiper e supermercados, que tiveram crescimento de 3,6%. \u201cPor outro lado, atividades com menor foco em itens de consumo essencial e mais dependentes das condi\u00e7\u00f5es de cr\u00e9dito ainda n\u00e3o conseguiram reaver o dinamismo anterior \u00e0 crise sanit\u00e1ria\u201d, avalia Fabio Bentes.<\/p>\n\n\n\n<p>Entre janeiro e abril deste ano, as vendas do varejo cresceram 1,9%, gra\u00e7as ao desempenho dos dois principais segmentos do setor: combust\u00edveis e lubrificantes, com aumento de 17%, e hiper e supermercados, que tiveram amplia\u00e7\u00e3o de 2,7%. \u201cEm ambos os casos, as rea\u00e7\u00f5es derivaram da desacelera\u00e7\u00e3o dos pre\u00e7os e da menor depend\u00eancia que esses segmentos historicamente revelam em rela\u00e7\u00e3o ao comportamento dos juros\u201d, conclui o economista da CNC.<\/p>\n\n\n\n<p>Fonte: CNC<\/p>\n","protected":false},"excerpt":{"rendered":"<p>A tend\u00eancia de desacelera\u00e7\u00e3o da infla\u00e7\u00e3o e os sinais positivos provenientes do mercado de trabalho levaram a Confedera\u00e7\u00e3o Nacional do Com\u00e9rcio de Bens, Servi\u00e7os e Turismo (CNC) a prever um crescimento de 1,8% das vendas do varejo em 2023. Em abril, o volume de faturamento do com\u00e9rcio se manteve praticamente est\u00e1vel \u2013 um avan\u00e7o de 0,1% perante mar\u00e7o deste ano \u2013, conforme demonstrou a Pesquisa Mensal de Com\u00e9rcio, divulgada hoje (14) pelo Instituto Brasileiro de Geografia e Estat\u00edstica (IBGE).<\/p>\n","protected":false},"author":3,"featured_media":2105,"comment_status":"closed","ping_status":"closed","sticky":false,"template":"","format":"standard","meta":[],"categories":[17,2],"tags":[],"_links":{"self":[{"href":"https:\/\/www.confere.org.br\/wordpress\/wp-json\/wp\/v2\/posts\/11344"}],"collection":[{"href":"https:\/\/www.confere.org.br\/wordpress\/wp-json\/wp\/v2\/posts"}],"about":[{"href":"https:\/\/www.confere.org.br\/wordpress\/wp-json\/wp\/v2\/types\/post"}],"author":[{"embeddable":true,"href":"https:\/\/www.confere.org.br\/wordpress\/wp-json\/wp\/v2\/users\/3"}],"replies":[{"embeddable":true,"href":"https:\/\/www.confere.org.br\/wordpress\/wp-json\/wp\/v2\/comments?post=11344"}],"version-history":[{"count":1,"href":"https:\/\/www.confere.org.br\/wordpress\/wp-json\/wp\/v2\/posts\/11344\/revisions"}],"predecessor-version":[{"id":11345,"href":"https:\/\/www.confere.org.br\/wordpress\/wp-json\/wp\/v2\/posts\/11344\/revisions\/11345"}],"wp:featuredmedia":[{"embeddable":true,"href":"https:\/\/www.confere.org.br\/wordpress\/wp-json\/wp\/v2\/media\/2105"}],"wp:attachment":[{"href":"https:\/\/www.confere.org.br\/wordpress\/wp-json\/wp\/v2\/media?parent=11344"}],"wp:term":[{"taxonomy":"category","embeddable":true,"href":"https:\/\/www.confere.org.br\/wordpress\/wp-json\/wp\/v2\/categories?post=11344"},{"taxonomy":"post_tag","embeddable":true,"href":"https:\/\/www.confere.org.br\/wordpress\/wp-json\/wp\/v2\/tags?post=11344"}],"curies":[{"name":"wp","href":"https:\/\/api.w.org\/{rel}","templated":true}]}}