{"id":11347,"date":"2023-06-27T16:38:00","date_gmt":"2023-06-27T19:38:00","guid":{"rendered":"https:\/\/www.confere.org.br\/wordpress\/?p=11347"},"modified":"2023-06-28T10:07:07","modified_gmt":"2023-06-28T13:07:07","slug":"confere-participa-da-96a-reuniao-plenaria-do-forum-dos-conselhos-federais-de-profissoes-regulamentadas","status":"publish","type":"post","link":"https:\/\/www.confere.org.br\/wordpress\/confere-participa-da-96a-reuniao-plenaria-do-forum-dos-conselhos-federais-de-profissoes-regulamentadas\/","title":{"rendered":"Confere participa da 96\u00aa Reuni\u00e3o Plen\u00e1ria do F\u00f3rum dos Conselhos Federais de Profiss\u00f5es Regulamentadas"},"content":{"rendered":"\n<p>O evento ocorreu na sede do Conselho Federal de Contabilidade (CFC) e reuniu representantes de dezenas de Conselhos Federais que orientam e fiscalizam o exerc\u00edcio das profiss\u00f5es no Brasil.<\/p>\n\n\n\n<p>Entre os temas debatidos, foi apresentado trabalho sobre a cria\u00e7\u00e3o de normativo nos conselhos, para a implanta\u00e7\u00e3o de Programa de Transpar\u00eancia, Compliance e Integridade -Acord\u00e3o do 395 do TCU.<\/p>\n\n\n\n<p>Tamb\u00e9m foi pauta da reuni\u00e3o, a decis\u00e3o do TCU sobre a possibilidade de cobran\u00e7a da D\u00edvida Ativa por bancos oficiais, por dispensa de licita\u00e7\u00e3o &#8211; Ac\u00f3rd\u00e3o 1207\/2023, do TCU.<\/p>\n\n\n\n<p><\/p>\n\n\n\n<figure class=\"wp-block-image size-full is-resized\"><img src=\"https:\/\/www.confere.org.br\/wordpress\/wp-content\/uploads\/2023\/06\/WhatsApp-Image-2023-06-27-at-15.24.47-1.jpeg\" alt=\"\" class=\"wp-image-11348\" width=\"499\" height=\"374\" srcset=\"https:\/\/www.confere.org.br\/wordpress\/wp-content\/uploads\/2023\/06\/WhatsApp-Image-2023-06-27-at-15.24.47-1.jpeg 1024w, https:\/\/www.confere.org.br\/wordpress\/wp-content\/uploads\/2023\/06\/WhatsApp-Image-2023-06-27-at-15.24.47-1-300x225.jpeg 300w, https:\/\/www.confere.org.br\/wordpress\/wp-content\/uploads\/2023\/06\/WhatsApp-Image-2023-06-27-at-15.24.47-1-768x576.jpeg 768w\" sizes=\"(max-width: 499px) 100vw, 499px\" \/><figcaption>Wiliam Vicente Bernardes, diretor-presidente do Core-DF, nomeado representante do Confere no F\u00f3rum dos Conselhos Federais de Profiss\u00f5es Regulamentadas, e Tadeu Gonzaga, assessor especial do Confere participaram da 96\u00aa Reuni\u00e3o Plen\u00e1ria do F\u00f3rum<\/figcaption><\/figure>\n\n\n","protected":false},"excerpt":{"rendered":"<p>O diretor-presidente do Core-DF, Wiliam Vicente Bernardes, nomeado representante do Conselho Federal dos Representantes Comerciais, participou da 96\u00aa Reuni\u00e3o Plen\u00e1ria do F\u00f3rum dos Conselhos Federais de Profiss\u00f5es Regulamentadas (Conselh\u00e3o), realizada hoje, dia 27 de junho, em Bras\u00edlia\/DF. <\/p>\n","protected":false},"author":3,"featured_media":11349,"comment_status":"closed","ping_status":"closed","sticky":false,"template":"","format":"standard","meta":[],"categories":[34,49,17],"tags":[],"_links":{"self":[{"href":"https:\/\/www.confere.org.br\/wordpress\/wp-json\/wp\/v2\/posts\/11347"}],"collection":[{"href":"https:\/\/www.confere.org.br\/wordpress\/wp-json\/wp\/v2\/posts"}],"about":[{"href":"https:\/\/www.confere.org.br\/wordpress\/wp-json\/wp\/v2\/types\/post"}],"author":[{"embeddable":true,"href":"https:\/\/www.confere.org.br\/wordpress\/wp-json\/wp\/v2\/users\/3"}],"replies":[{"embeddable":true,"href":"https:\/\/www.confere.org.br\/wordpress\/wp-json\/wp\/v2\/comments?post=11347"}],"version-history":[{"count":4,"href":"https:\/\/www.confere.org.br\/wordpress\/wp-json\/wp\/v2\/posts\/11347\/revisions"}],"predecessor-version":[{"id":11372,"href":"https:\/\/www.confere.org.br\/wordpress\/wp-json\/wp\/v2\/posts\/11347\/revisions\/11372"}],"wp:featuredmedia":[{"embeddable":true,"href":"https:\/\/www.confere.org.br\/wordpress\/wp-json\/wp\/v2\/media\/11349"}],"wp:attachment":[{"href":"https:\/\/www.confere.org.br\/wordpress\/wp-json\/wp\/v2\/media?parent=11347"}],"wp:term":[{"taxonomy":"category","embeddable":true,"href":"https:\/\/www.confere.org.br\/wordpress\/wp-json\/wp\/v2\/categories?post=11347"},{"taxonomy":"post_tag","embeddable":true,"href":"https:\/\/www.confere.org.br\/wordpress\/wp-json\/wp\/v2\/tags?post=11347"}],"curies":[{"name":"wp","href":"https:\/\/api.w.org\/{rel}","templated":true}]}}