{"id":11357,"date":"2023-06-27T16:48:20","date_gmt":"2023-06-27T19:48:20","guid":{"rendered":"https:\/\/www.confere.org.br\/wordpress\/?p=11357"},"modified":"2024-12-27T09:25:36","modified_gmt":"2024-12-27T12:25:36","slug":"eleicao-core-al-trienio-2023-2026","status":"publish","type":"post","link":"https:\/\/www.confere.org.br\/wordpress\/eleicao-core-al-trienio-2023-2026\/","title":{"rendered":"ELEI\u00c7\u00c3O CORE-AL  &#8211; TRI\u00caNIO 2023\/2026"},"content":{"rendered":"\n<p><span class=\"x_ContentPasted0\">1.Edital<\/span>&nbsp;de Convoca\u00e7\u00e3o<br><a href=\"https:\/\/www.confere.org.br\/wordpress\/wp-content\/uploads\/2023\/06\/EDITAL-DE-CONVOCACAO-CORE-AL-ELEICAO-2023-VERSAO-CERTIFICADA-DOU-27.06.2023.pdf\"><span class=\"x_ContentPasted0\">Publica\u00e7\u00e3o do Di\u00e1rio Oficial da Uni\u00e3o de 27.06.2023<\/span>&nbsp;<\/a><br><span class=\"x_ContentPasted0\"><a href=\"https:\/\/www.confere.org.br\/wordpress\/wp-content\/uploads\/2023\/06\/EDITAL-DE-CONVOCACAO-Gazeta-de-Alagoas-27.06.23.pdf\">Publica\u00e7\u00e3o do jornal &#8220;Gazeta de Alagoas&#8221; de 27.06.2023<\/a><br><\/span><a href=\"https:\/\/www.confere.org.br\/wordpress\/wp-content\/uploads\/2023\/06\/EDITAL-DE-CONVOCACAO-Tribuna-Independente-27.06.23.pdf\">Publica\u00e7\u00e3o do jornal &#8220;Tribuna Independente&#8221; de 27.06.2023&nbsp;<\/a><br><span class=\"x_ContentPasted0\">2. <a href=\"https:\/\/www.confere.org.br\/wordpress\/wp-content\/uploads\/2023\/06\/Regulamento-Eleitoral-Eleicao-Core-AL.pdf\">Regulamento Eleitoral&nbsp;<\/a><br><\/span><span class=\"x_ContentPasted0\">3. <a href=\"https:\/\/www.confere.org.br\/wordpress\/wp-content\/uploads\/2023\/06\/REQUERIMENTO-REGISTRO-DE-CHAPA-CORE-AL.pdf\">Requerimento de Registro de Chapa&nbsp;<\/a><br><\/span><span class=\"x_ContentPasted0\">4. <a href=\"https:\/\/www.confere.org.br\/wordpress\/wp-content\/uploads\/2023\/06\/DECLARACAO-DE-AQUIESCENCIA-CORE-AL.pdf\">Declara\u00e7\u00e3o de Aquiesc\u00eancia&nbsp;<\/a><br><\/span><span class=\"x_ContentPasted0\">5. <a href=\"https:\/\/www.confere.org.br\/wordpress\/wp-content\/uploads\/2023\/06\/Ficha-de-Qualificacao-de-Candidato-Core-AL.pdf\">Ficha de Qualifica\u00e7\u00e3o&nbsp;<\/a><br><\/span><a href=\"https:\/\/www.confere.org.br\/wordpress\/wp-content\/uploads\/2023\/06\/DECLARACAO-DE-DESIMPEDIMENTO-Core-AL.pdf\"><span class=\"x_ContentPasted0\">6. Declara\u00e7\u00e3o de Desimpedimento<\/span><\/a><br><span style=\"font-size: 13.0pt; font-family: Roboto; color: #808285;\">7.Aviso de Registro de Chapa<br><\/span><span style=\"font-size: 13.0pt; font-family: Roboto; color: #808285;\"><a style=\"box-sizing: border-box;\" href=\"https:\/\/www.confere.org.br\/wordpress\/wp-content\/uploads\/2023\/07\/Deferimento-de-Registro-de-Chapa-DOU-17.07.23-Versao-Certificada.pdf\" target=\"_blank\" rel=\"noopener\"><span style=\"color: #337ab7; text-decoration: none; text-underline: none;\">Publica\u00e7\u00e3o do Di\u00e1rio Oficial <\/span><span style=\"color: #337ab7;\">da<\/span><\/a> Uni\u00e3o, de 17\/07\/2023<br><\/span><span style=\"font-size: 13.0pt; font-family: Roboto; color: #808285;\"><a style=\"box-sizing: border-box;\" href=\"https:\/\/www.confere.org.br\/wordpress\/wp-content\/uploads\/2023\/07\/Deferimento-de-Registro-de-Chapa-Tribuna-Independente-18.07.23.pdf\" target=\"_blank\" rel=\"noopener\"><span style=\"color: #337ab7; text-decoration: none; text-underline: none;\">Publica\u00e7\u00e3o no jornal &#8220;<\/span><span style=\"color: #337ab7;\">Tribuna Independente<\/span><span style=\"color: #337ab7; text-decoration: none; text-underline: none;\">&#8220;, de 1<\/span><span style=\"color: #337ab7;\">8<\/span><span style=\"color: #337ab7; text-decoration: none; text-underline: none;\">\/07\/2023<\/span><\/a><\/span><\/p>\n\n\n","protected":false},"excerpt":{"rendered":"<p>Processo Eleitoral para composi\u00e7\u00e3o do Core-AL<\/p>\n","protected":false},"author":3,"featured_media":0,"comment_status":"closed","ping_status":"closed","sticky":false,"template":"","format":"standard","meta":[],"categories":[43],"tags":[],"_links":{"self":[{"href":"https:\/\/www.confere.org.br\/wordpress\/wp-json\/wp\/v2\/posts\/11357"}],"collection":[{"href":"https:\/\/www.confere.org.br\/wordpress\/wp-json\/wp\/v2\/posts"}],"about":[{"href":"https:\/\/www.confere.org.br\/wordpress\/wp-json\/wp\/v2\/types\/post"}],"author":[{"embeddable":true,"href":"https:\/\/www.confere.org.br\/wordpress\/wp-json\/wp\/v2\/users\/3"}],"replies":[{"embeddable":true,"href":"https:\/\/www.confere.org.br\/wordpress\/wp-json\/wp\/v2\/comments?post=11357"}],"version-history":[{"count":5,"href":"https:\/\/www.confere.org.br\/wordpress\/wp-json\/wp\/v2\/posts\/11357\/revisions"}],"predecessor-version":[{"id":15104,"href":"https:\/\/www.confere.org.br\/wordpress\/wp-json\/wp\/v2\/posts\/11357\/revisions\/15104"}],"wp:attachment":[{"href":"https:\/\/www.confere.org.br\/wordpress\/wp-json\/wp\/v2\/media?parent=11357"}],"wp:term":[{"taxonomy":"category","embeddable":true,"href":"https:\/\/www.confere.org.br\/wordpress\/wp-json\/wp\/v2\/categories?post=11357"},{"taxonomy":"post_tag","embeddable":true,"href":"https:\/\/www.confere.org.br\/wordpress\/wp-json\/wp\/v2\/tags?post=11357"}],"curies":[{"name":"wp","href":"https:\/\/api.w.org\/{rel}","templated":true}]}}