{"id":11363,"date":"2023-06-28T09:45:34","date_gmt":"2023-06-28T12:45:34","guid":{"rendered":"https:\/\/www.confere.org.br\/wordpress\/?p=11363"},"modified":"2023-06-28T10:01:49","modified_gmt":"2023-06-28T13:01:49","slug":"video-institucional-do-sistema-confere-cores","status":"publish","type":"post","link":"https:\/\/www.confere.org.br\/wordpress\/video-institucional-do-sistema-confere-cores\/","title":{"rendered":"V\u00eddeo institucional do Sistema Confere\/Cores"},"content":{"rendered":"\n<p><a href=\"https:\/\/www.youtube.com\/watch?v=R5ESWT_auEA\">Confira aqui<\/a> a presen\u00e7a e atua\u00e7\u00e3o do Sistema Confere\/Cores, em todo Brasil, em prol da profissionaliza\u00e7\u00e3o e valoriza\u00e7\u00e3o do Representante Comercial, do fortalecimento do nosso setor econ\u00f4mico e do mercado brasileiro.<\/p>\n\n\n\n\n","protected":false},"excerpt":{"rendered":"<p>Clique e assista!<\/p>\n","protected":false},"author":3,"featured_media":11364,"comment_status":"closed","ping_status":"closed","sticky":false,"template":"","format":"standard","meta":[],"categories":[34,49,17],"tags":[],"_links":{"self":[{"href":"https:\/\/www.confere.org.br\/wordpress\/wp-json\/wp\/v2\/posts\/11363"}],"collection":[{"href":"https:\/\/www.confere.org.br\/wordpress\/wp-json\/wp\/v2\/posts"}],"about":[{"href":"https:\/\/www.confere.org.br\/wordpress\/wp-json\/wp\/v2\/types\/post"}],"author":[{"embeddable":true,"href":"https:\/\/www.confere.org.br\/wordpress\/wp-json\/wp\/v2\/users\/3"}],"replies":[{"embeddable":true,"href":"https:\/\/www.confere.org.br\/wordpress\/wp-json\/wp\/v2\/comments?post=11363"}],"version-history":[{"count":2,"href":"https:\/\/www.confere.org.br\/wordpress\/wp-json\/wp\/v2\/posts\/11363\/revisions"}],"predecessor-version":[{"id":11368,"href":"https:\/\/www.confere.org.br\/wordpress\/wp-json\/wp\/v2\/posts\/11363\/revisions\/11368"}],"wp:featuredmedia":[{"embeddable":true,"href":"https:\/\/www.confere.org.br\/wordpress\/wp-json\/wp\/v2\/media\/11364"}],"wp:attachment":[{"href":"https:\/\/www.confere.org.br\/wordpress\/wp-json\/wp\/v2\/media?parent=11363"}],"wp:term":[{"taxonomy":"category","embeddable":true,"href":"https:\/\/www.confere.org.br\/wordpress\/wp-json\/wp\/v2\/categories?post=11363"},{"taxonomy":"post_tag","embeddable":true,"href":"https:\/\/www.confere.org.br\/wordpress\/wp-json\/wp\/v2\/tags?post=11363"}],"curies":[{"name":"wp","href":"https:\/\/api.w.org\/{rel}","templated":true}]}}