{"id":11550,"date":"2023-07-24T16:30:16","date_gmt":"2023-07-24T19:30:16","guid":{"rendered":"https:\/\/www.confere.org.br\/wordpress\/?p=11550"},"modified":"2025-07-11T09:37:45","modified_gmt":"2025-07-11T12:37:45","slug":"carta-de-servicos","status":"publish","type":"post","link":"https:\/\/www.confere.org.br\/wordpress\/carta-de-servicos\/","title":{"rendered":"Carta de Servi\u00e7os"},"content":{"rendered":"\n<p>A Carta de Servi\u00e7os constitui documento previsto na Lei n\u00ba 13.460\/2017 e tem por objetivo informar ao usu\u00e1rio sobre os servi\u00e7os prestados pelo Conselho Federal, especialmente, quanto \u00e0s formas de acesso, definindo compromissos e padr\u00f5es de qualidade de atendimento ao p\u00fablico.<\/p>\n<p><a href=\"https:\/\/www.confere.org.br\/wordpress\/wp-content\/uploads\/2025\/07\/Carta-de-Servicos-atualizada.pdf\" target=\"_blank\" rel=\"noopener\">Clique e fa\u00e7a o download.<\/a><\/p>\n","protected":false},"excerpt":{"rendered":"<p>A Carta de Servi\u00e7os constitui documento previsto na Lei n\u00ba 13.460\/2017 e tem por objetivo informar ao usu\u00e1rio sobre os servi\u00e7os prestados pelo Conselho Federal, especialmente, quanto \u00e0s formas de acesso, definindo compromissos e padr\u00f5es de qualidade de atendimento ao p\u00fablico. Clique e fa\u00e7a o download.<\/p>\n","protected":false},"author":1,"featured_media":0,"comment_status":"closed","ping_status":"closed","sticky":false,"template":"","format":"standard","meta":[],"categories":[14],"tags":[],"_links":{"self":[{"href":"https:\/\/www.confere.org.br\/wordpress\/wp-json\/wp\/v2\/posts\/11550"}],"collection":[{"href":"https:\/\/www.confere.org.br\/wordpress\/wp-json\/wp\/v2\/posts"}],"about":[{"href":"https:\/\/www.confere.org.br\/wordpress\/wp-json\/wp\/v2\/types\/post"}],"author":[{"embeddable":true,"href":"https:\/\/www.confere.org.br\/wordpress\/wp-json\/wp\/v2\/users\/1"}],"replies":[{"embeddable":true,"href":"https:\/\/www.confere.org.br\/wordpress\/wp-json\/wp\/v2\/comments?post=11550"}],"version-history":[{"count":6,"href":"https:\/\/www.confere.org.br\/wordpress\/wp-json\/wp\/v2\/posts\/11550\/revisions"}],"predecessor-version":[{"id":16442,"href":"https:\/\/www.confere.org.br\/wordpress\/wp-json\/wp\/v2\/posts\/11550\/revisions\/16442"}],"wp:attachment":[{"href":"https:\/\/www.confere.org.br\/wordpress\/wp-json\/wp\/v2\/media?parent=11550"}],"wp:term":[{"taxonomy":"category","embeddable":true,"href":"https:\/\/www.confere.org.br\/wordpress\/wp-json\/wp\/v2\/categories?post=11550"},{"taxonomy":"post_tag","embeddable":true,"href":"https:\/\/www.confere.org.br\/wordpress\/wp-json\/wp\/v2\/tags?post=11550"}],"curies":[{"name":"wp","href":"https:\/\/api.w.org\/{rel}","templated":true}]}}