{"id":11567,"date":"2023-07-25T09:58:55","date_gmt":"2023-07-25T12:58:55","guid":{"rendered":"https:\/\/www.confere.org.br\/wordpress\/?p=11567"},"modified":"2023-07-25T10:05:50","modified_gmt":"2023-07-25T13:05:50","slug":"2023-resolucao-no-2-088-2023","status":"publish","type":"post","link":"https:\/\/www.confere.org.br\/wordpress\/2023-resolucao-no-2-088-2023\/","title":{"rendered":"2023 &#8211; Resolu\u00e7\u00e3o n\u00ba 2.088\/2023"},"content":{"rendered":"\n<p>Disp\u00f5e sobre a cria\u00e7\u00e3o e a disponibiliza\u00e7\u00e3o da Carta de Servi\u00e7os do Confere.<\/p>\n<p><a href=\"https:\/\/www.confere.org.br\/wordpress\/wp-content\/uploads\/2023\/07\/RESOLUCAO-E-CARTA-DE-SERVICOS.pdf\">https:\/\/www.confere.org.br\/wordpress\/wp-content\/uploads\/2023\/07\/RESOLUCAO-E-CARTA-DE-SERVICOS.pdf<\/a><\/p>\n\n\n\n\n","protected":false},"excerpt":{"rendered":"<p>2.088, Resolu\u00e7\u00e3o, https:\/\/www.confere.org.br\/wordpress\/wp-content\/uploads\/2023\/07\/RESOLUCAO-E-CARTA-DE-SERVICOS.pdf<\/p>\n","protected":false},"author":3,"featured_media":0,"comment_status":"closed","ping_status":"closed","sticky":false,"template":"","format":"standard","meta":[],"categories":[18,52],"tags":[],"_links":{"self":[{"href":"https:\/\/www.confere.org.br\/wordpress\/wp-json\/wp\/v2\/posts\/11567"}],"collection":[{"href":"https:\/\/www.confere.org.br\/wordpress\/wp-json\/wp\/v2\/posts"}],"about":[{"href":"https:\/\/www.confere.org.br\/wordpress\/wp-json\/wp\/v2\/types\/post"}],"author":[{"embeddable":true,"href":"https:\/\/www.confere.org.br\/wordpress\/wp-json\/wp\/v2\/users\/3"}],"replies":[{"embeddable":true,"href":"https:\/\/www.confere.org.br\/wordpress\/wp-json\/wp\/v2\/comments?post=11567"}],"version-history":[{"count":1,"href":"https:\/\/www.confere.org.br\/wordpress\/wp-json\/wp\/v2\/posts\/11567\/revisions"}],"predecessor-version":[{"id":11568,"href":"https:\/\/www.confere.org.br\/wordpress\/wp-json\/wp\/v2\/posts\/11567\/revisions\/11568"}],"wp:attachment":[{"href":"https:\/\/www.confere.org.br\/wordpress\/wp-json\/wp\/v2\/media?parent=11567"}],"wp:term":[{"taxonomy":"category","embeddable":true,"href":"https:\/\/www.confere.org.br\/wordpress\/wp-json\/wp\/v2\/categories?post=11567"},{"taxonomy":"post_tag","embeddable":true,"href":"https:\/\/www.confere.org.br\/wordpress\/wp-json\/wp\/v2\/tags?post=11567"}],"curies":[{"name":"wp","href":"https:\/\/api.w.org\/{rel}","templated":true}]}}