{"id":11578,"date":"2023-07-25T14:46:48","date_gmt":"2023-07-25T17:46:48","guid":{"rendered":"https:\/\/www.confere.org.br\/wordpress\/?p=11578"},"modified":"2023-07-25T14:46:49","modified_gmt":"2023-07-25T17:46:49","slug":"confere-participa-da-97a-reuniao-plenaria-do-forum-dos-conselhos-federais-de-profissoes-regulamentadas","status":"publish","type":"post","link":"https:\/\/www.confere.org.br\/wordpress\/confere-participa-da-97a-reuniao-plenaria-do-forum-dos-conselhos-federais-de-profissoes-regulamentadas\/","title":{"rendered":"Confere participa da 97\u00aa Reuni\u00e3o Plen\u00e1ria do F\u00f3rum dos Conselhos Federais de Profiss\u00f5es Regulamentadas"},"content":{"rendered":"\n<p>Na ocasi\u00e3o, foram tratados assuntos relativos \u00e0s determina\u00e7\u00f5es do TCU, dispostas no Ac\u00f3rd\u00e3o 2402\/2022, com apresenta\u00e7\u00e3o do assessor da presid\u00eancia do Confere, Thadeu Gonzaga, sendo acatada a sugest\u00e3o de se solicitar ao TCU a prorroga\u00e7\u00e3o do prazo de 360 dias concedido para a apresenta\u00e7\u00e3o ao Tribunal das medidas a serem implementadas. Foi aprovada tamb\u00e9m a sugest\u00e3o de se criar um Grupo de Trabalho, para analisar e apresentar solu\u00e7\u00f5es relativas \u00e0 gest\u00e3o dos receb\u00edveis pelos Conselhos Federais e Regionais de Fiscaliza\u00e7\u00e3o. <\/p>\n","protected":false},"excerpt":{"rendered":"<p>O evento ocorreu na sede do Conselho Federal de Engenharia e Agronomia (Confea)  e reuniu representantes de dezenas de Conselhos Federais que orientam e fiscalizam o exerc\u00edcio das profiss\u00f5es no Brasil.<\/p>\n","protected":false},"author":3,"featured_media":11579,"comment_status":"closed","ping_status":"closed","sticky":false,"template":"","format":"standard","meta":[],"categories":[34,49],"tags":[],"_links":{"self":[{"href":"https:\/\/www.confere.org.br\/wordpress\/wp-json\/wp\/v2\/posts\/11578"}],"collection":[{"href":"https:\/\/www.confere.org.br\/wordpress\/wp-json\/wp\/v2\/posts"}],"about":[{"href":"https:\/\/www.confere.org.br\/wordpress\/wp-json\/wp\/v2\/types\/post"}],"author":[{"embeddable":true,"href":"https:\/\/www.confere.org.br\/wordpress\/wp-json\/wp\/v2\/users\/3"}],"replies":[{"embeddable":true,"href":"https:\/\/www.confere.org.br\/wordpress\/wp-json\/wp\/v2\/comments?post=11578"}],"version-history":[{"count":1,"href":"https:\/\/www.confere.org.br\/wordpress\/wp-json\/wp\/v2\/posts\/11578\/revisions"}],"predecessor-version":[{"id":11580,"href":"https:\/\/www.confere.org.br\/wordpress\/wp-json\/wp\/v2\/posts\/11578\/revisions\/11580"}],"wp:featuredmedia":[{"embeddable":true,"href":"https:\/\/www.confere.org.br\/wordpress\/wp-json\/wp\/v2\/media\/11579"}],"wp:attachment":[{"href":"https:\/\/www.confere.org.br\/wordpress\/wp-json\/wp\/v2\/media?parent=11578"}],"wp:term":[{"taxonomy":"category","embeddable":true,"href":"https:\/\/www.confere.org.br\/wordpress\/wp-json\/wp\/v2\/categories?post=11578"},{"taxonomy":"post_tag","embeddable":true,"href":"https:\/\/www.confere.org.br\/wordpress\/wp-json\/wp\/v2\/tags?post=11578"}],"curies":[{"name":"wp","href":"https:\/\/api.w.org\/{rel}","templated":true}]}}