{"id":11583,"date":"2023-07-25T17:06:19","date_gmt":"2023-07-25T20:06:19","guid":{"rendered":"https:\/\/www.confere.org.br\/wordpress\/?p=11583"},"modified":"2023-07-25T17:08:37","modified_gmt":"2023-07-25T20:08:37","slug":"dirigentes-e-colaboradores-participam-de-reuniao-com-a-diretoria-de-relacoes-institucionais-do-confere","status":"publish","type":"post","link":"https:\/\/www.confere.org.br\/wordpress\/dirigentes-e-colaboradores-participam-de-reuniao-com-a-diretoria-de-relacoes-institucionais-do-confere\/","title":{"rendered":"Dirigentes e colaboradores participam de Reuni\u00e3o com a Diretoria de Rela\u00e7\u00f5es Institucionais do Confere"},"content":{"rendered":"\n<p>Nesta tarde, 25\/07, os diretores de Rela\u00e7\u00f5es Institucionais do Confere, Roberto Salvo e Davi Aparecido da Silva Pereira, apresentaram as a\u00e7\u00f5es que v\u00eam sendo promovidas, especialmente quanto aos Projetos de Lei n\u00bas <a href=\"https:\/\/www.camara.leg.br\/proposicoesWeb\/fichadetramitacao?idProposicao=2192593\">981\/2019<\/a> e <a href=\"https:\/\/www.camara.leg.br\/proposicoesWeb\/fichadetramitacao?idProposicao=2332234\">99\/2022<\/a>, ambos em tramita\u00e7\u00e3o na C\u00e2mara dos Deputados, al\u00e9m das estrat\u00e9gias do Sistema Confere\/Cores em face da iminente Reforma Tribut\u00e1ria.<\/p>\n\n\n\n<p>\u201cContamos com a colabora\u00e7\u00e3o de todos, para construirmos uma defesa un\u00edssona e urgente acerca das demandas legislativas de interesse do nosso setor econ\u00f4mico\u201d, frisou Davi Aparecido.<\/p>\n","protected":false},"excerpt":{"rendered":"<p>A reuni\u00e3o visa o alinhamento da estrat\u00e9gia a ser seguida pelos Regionais para maior efici\u00eancia nas a\u00e7\u00f5es e iniciativas parlamentares. <\/p>\n","protected":false},"author":3,"featured_media":11584,"comment_status":"closed","ping_status":"closed","sticky":false,"template":"","format":"standard","meta":[],"categories":[34,49,17],"tags":[],"_links":{"self":[{"href":"https:\/\/www.confere.org.br\/wordpress\/wp-json\/wp\/v2\/posts\/11583"}],"collection":[{"href":"https:\/\/www.confere.org.br\/wordpress\/wp-json\/wp\/v2\/posts"}],"about":[{"href":"https:\/\/www.confere.org.br\/wordpress\/wp-json\/wp\/v2\/types\/post"}],"author":[{"embeddable":true,"href":"https:\/\/www.confere.org.br\/wordpress\/wp-json\/wp\/v2\/users\/3"}],"replies":[{"embeddable":true,"href":"https:\/\/www.confere.org.br\/wordpress\/wp-json\/wp\/v2\/comments?post=11583"}],"version-history":[{"count":2,"href":"https:\/\/www.confere.org.br\/wordpress\/wp-json\/wp\/v2\/posts\/11583\/revisions"}],"predecessor-version":[{"id":11586,"href":"https:\/\/www.confere.org.br\/wordpress\/wp-json\/wp\/v2\/posts\/11583\/revisions\/11586"}],"wp:featuredmedia":[{"embeddable":true,"href":"https:\/\/www.confere.org.br\/wordpress\/wp-json\/wp\/v2\/media\/11584"}],"wp:attachment":[{"href":"https:\/\/www.confere.org.br\/wordpress\/wp-json\/wp\/v2\/media?parent=11583"}],"wp:term":[{"taxonomy":"category","embeddable":true,"href":"https:\/\/www.confere.org.br\/wordpress\/wp-json\/wp\/v2\/categories?post=11583"},{"taxonomy":"post_tag","embeddable":true,"href":"https:\/\/www.confere.org.br\/wordpress\/wp-json\/wp\/v2\/tags?post=11583"}],"curies":[{"name":"wp","href":"https:\/\/api.w.org\/{rel}","templated":true}]}}