{"id":11592,"date":"2023-07-27T15:52:56","date_gmt":"2023-07-27T18:52:56","guid":{"rendered":"https:\/\/www.confere.org.br\/wordpress\/?p=11592"},"modified":"2023-07-27T15:56:09","modified_gmt":"2023-07-27T18:56:09","slug":"core-sc-plenaria-e-workshop","status":"publish","type":"post","link":"https:\/\/www.confere.org.br\/wordpress\/core-sc-plenaria-e-workshop\/","title":{"rendered":"Core-SC: Plen\u00e1ria e Workshop"},"content":{"rendered":"\n<p>O presidente do Confere, Archimedes Cavalcanti J\u00fanior, tamb\u00e9m participou da reuni\u00e3o: \u201cFiquei muito entusiasmado com o material apresentado e com o desempenho das atividades do Regional. \u00c9 importante, agora, disseminar as boas pr\u00e1ticas com todo o Sistema Confere\/Cores\u201d.<br \/>Na parte da tarde, dirigentes e colaboradores do Sistema Confere\/Cores participaram, remotamente e presencialmente, do Workshop \u201cTransforma\u00e7\u00e3o Digital do Core-SC\u201d, promovido pelo Regional catarinense, em parceria com a Universidade Federal do Estado (UFSC).<br \/>De acordo com o diretor-presidente do Core-SC, Jo\u00e3o Pedro da Silva Rosa, a transforma\u00e7\u00e3o digital do Conselho come\u00e7ou a partir da pandemia, com a implementa\u00e7\u00e3o de a\u00e7\u00f5es de iniciativa do Regional, como as linhas de WhatsApp em todos os setores do Core-SC, al\u00e9m das a\u00e7\u00f5es deflagradas pelo Confere, a exemplo da emiss\u00e3o de documentos e carteiras digitais, aquisi\u00e7\u00e3o de computadores para os Regionais e nuvem para abrigar softwares.<\/p>\n<p><img class=\"alignnone size-full wp-image-11608\" src=\"https:\/\/www.confere.org.br\/wordpress\/wp-content\/uploads\/2023\/07\/1159-1.jpeg\" alt=\"\" width=\"1600\" height=\"1200\" srcset=\"https:\/\/www.confere.org.br\/wordpress\/wp-content\/uploads\/2023\/07\/1159-1.jpeg 1600w, https:\/\/www.confere.org.br\/wordpress\/wp-content\/uploads\/2023\/07\/1159-1-300x225.jpeg 300w, https:\/\/www.confere.org.br\/wordpress\/wp-content\/uploads\/2023\/07\/1159-1-1024x768.jpeg 1024w, https:\/\/www.confere.org.br\/wordpress\/wp-content\/uploads\/2023\/07\/1159-1-768x576.jpeg 768w, https:\/\/www.confere.org.br\/wordpress\/wp-content\/uploads\/2023\/07\/1159-1-1536x1152.jpeg 1536w, https:\/\/www.confere.org.br\/wordpress\/wp-content\/uploads\/2023\/07\/1159-1-1568x1176.jpeg 1568w\" sizes=\"(max-width: 1600px) 100vw, 1600px\" \/><br \/>&#8220;J\u00e1 a parceria com a Universidade Federal de Santa Catarina &#8211; UFSC, que come\u00e7ou no ano passado, contempla a\u00e7\u00f5es que resultam em mais informa\u00e7\u00e3o, agilidade e seguran\u00e7a nos nossos processos internos. Teremos, tamb\u00e9m, o Ambiente Virtual do Representante Comercial, que est\u00e1 em fase de constru\u00e7\u00e3o e logo ser\u00e1 disponibilizado no site\u201d, explica o presidente do Core-SC.<\/p>\n<p>O ambiente virtual reunir\u00e1 ferramentas \u00fateis ao representante comercial, al\u00e9m de importantes informa\u00e7\u00f5es sobre o exerc\u00edcio da profiss\u00e3o, que ser\u00e3o disponibilizadas em forma de textos, v\u00eddeos e \u00e1udios.<br \/>&#8220;A transforma\u00e7\u00e3o digital do Core-SC vem sendo desenvolvida pela diretoria, conselheiros e funcion\u00e1rios, com o objetivo de trazer agilidade, seguran\u00e7a de dados e novas oportunidades de crescimento, proporcionando entrega de valor aos representantes comerciais&#8221;, destaca o coordenador geral do Core-SC, Rodrigo Dornbusch de Moura Ferro.<\/p>\n","protected":false},"excerpt":{"rendered":"<p>O Core-SC realizou, nesta manh\u00e3, Reuni\u00e3o Plen\u00e1ria para aprecia\u00e7\u00e3o das contas e do Relat\u00f3rio de Gest\u00e3o, referentes ao 2\u00ba trimestre de 2023<\/p>\n","protected":false},"author":7,"featured_media":11621,"comment_status":"closed","ping_status":"closed","sticky":false,"template":"","format":"standard","meta":[],"categories":[34,49],"tags":[],"_links":{"self":[{"href":"https:\/\/www.confere.org.br\/wordpress\/wp-json\/wp\/v2\/posts\/11592"}],"collection":[{"href":"https:\/\/www.confere.org.br\/wordpress\/wp-json\/wp\/v2\/posts"}],"about":[{"href":"https:\/\/www.confere.org.br\/wordpress\/wp-json\/wp\/v2\/types\/post"}],"author":[{"embeddable":true,"href":"https:\/\/www.confere.org.br\/wordpress\/wp-json\/wp\/v2\/users\/7"}],"replies":[{"embeddable":true,"href":"https:\/\/www.confere.org.br\/wordpress\/wp-json\/wp\/v2\/comments?post=11592"}],"version-history":[{"count":2,"href":"https:\/\/www.confere.org.br\/wordpress\/wp-json\/wp\/v2\/posts\/11592\/revisions"}],"predecessor-version":[{"id":11622,"href":"https:\/\/www.confere.org.br\/wordpress\/wp-json\/wp\/v2\/posts\/11592\/revisions\/11622"}],"wp:featuredmedia":[{"embeddable":true,"href":"https:\/\/www.confere.org.br\/wordpress\/wp-json\/wp\/v2\/media\/11621"}],"wp:attachment":[{"href":"https:\/\/www.confere.org.br\/wordpress\/wp-json\/wp\/v2\/media?parent=11592"}],"wp:term":[{"taxonomy":"category","embeddable":true,"href":"https:\/\/www.confere.org.br\/wordpress\/wp-json\/wp\/v2\/categories?post=11592"},{"taxonomy":"post_tag","embeddable":true,"href":"https:\/\/www.confere.org.br\/wordpress\/wp-json\/wp\/v2\/tags?post=11592"}],"curies":[{"name":"wp","href":"https:\/\/api.w.org\/{rel}","templated":true}]}}