{"id":11628,"date":"2023-07-28T15:36:26","date_gmt":"2023-07-28T18:36:26","guid":{"rendered":"https:\/\/www.confere.org.br\/wordpress\/?p=11628"},"modified":"2023-07-28T15:36:28","modified_gmt":"2023-07-28T18:36:28","slug":"13a-femoda-mt-tem-apoio-do-conselho-regional-dos-representantes-comerciais-do-estado","status":"publish","type":"post","link":"https:\/\/www.confere.org.br\/wordpress\/13a-femoda-mt-tem-apoio-do-conselho-regional-dos-representantes-comerciais-do-estado\/","title":{"rendered":"13\u00aa Femoda MT tem apoio do Conselho Regional dos Representantes Comerciais do Estado"},"content":{"rendered":"\n<p>A 13\u00aa edi\u00e7\u00e3o feira que re\u00fane as maiores marcas de confec\u00e7\u00e3o, cal\u00e7ado e acess\u00f3rios, come\u00e7ou nesta quinta-feira, dia 26, e promete ser um marco para o setor de moda da regi\u00e3o. Considerada a maior feira de moda do Centro-Oeste, o evento conta com o apoio do Conselho Regional dos Representantes Comerciais do estado (Core-MT), que reconhece a relev\u00e2ncia do encontro para a ind\u00fastria da moda e profissionais da \u00e1rea.<\/p>\n<p>O evento re\u00fane expositores de diversas marcas, ofertando uma ampla variedade de produtos e tend\u00eancias para a pr\u00f3xima temporada. A expectativa durante os tr\u00eas dias da feira \u00e9 movimentar em torno de R$50 milh\u00f5es.<\/p>\n<p><img class=\"alignnone size-full wp-image-11630\" src=\"https:\/\/www.confere.org.br\/wordpress\/wp-content\/uploads\/2023\/07\/1687A44C-BB5E-41AD-A690-6978112C9B90.jpeg\" alt=\"\" width=\"1200\" height=\"1600\" srcset=\"https:\/\/www.confere.org.br\/wordpress\/wp-content\/uploads\/2023\/07\/1687A44C-BB5E-41AD-A690-6978112C9B90.jpeg 1200w, https:\/\/www.confere.org.br\/wordpress\/wp-content\/uploads\/2023\/07\/1687A44C-BB5E-41AD-A690-6978112C9B90-225x300.jpeg 225w, https:\/\/www.confere.org.br\/wordpress\/wp-content\/uploads\/2023\/07\/1687A44C-BB5E-41AD-A690-6978112C9B90-768x1024.jpeg 768w, https:\/\/www.confere.org.br\/wordpress\/wp-content\/uploads\/2023\/07\/1687A44C-BB5E-41AD-A690-6978112C9B90-1152x1536.jpeg 1152w\" sizes=\"(max-width: 1200px) 100vw, 1200px\" \/><\/p>\n<p>Durante a cerim\u00f4nia de abertura, o governador do Estado, Mauro Mendes, enalteceu a relev\u00e2ncia dos representantes comerciais para a economia do Mato Grosso. &#8220;Iniciei minha carreira profissional como representante comercial. Gra\u00e7as a Deus, nosso estado vem performando bem nos \u00faltimos anos, estamos cumprindo com a miss\u00e3o de arrecadar nossos impostos e acima de tudo aplicando corretamente esse dinheiro&#8221;, disse Mendes.<\/p>\n<p>O presidente da Assembleia Legislativa, Eduardo Botelho, tamb\u00e9m destacou a import\u00e2ncia do com\u00e9rcio para o estado e o papel fundamental dos representantes comerciais no crescimento econ\u00f4mico. &#8220;O com\u00e9rcio est\u00e1 melhorando. Nossa perspectiva de aumentar o consumo \u00e9 muito grande, e isso se d\u00e1 ao papel do representante comercial&#8221;, ressaltou.<\/p>\n<p>O presidente do CORE-MT, Jo\u00e3o Gasparetto, relembrou que acompanha o evento desde sua primeira edi\u00e7\u00e3o. &#8220;Fico feliz por fazer parte dessa hist\u00f3ria. Hoje \u00e9 dia de destacar os representantes comerciais, especialmente aqueles que se uniram e juntaram for\u00e7as para promover o desenvolvimento regional e vencer os desafios do mercado. Essa feira \u00e9 um exemplo da nossa conquista&#8221;, enfatizou o gestor que aproveitou o momento para pedir ao Governador que inclua a Feira no calend\u00e1rio estadual.<\/p>\n<p><img class=\"alignnone size-full wp-image-11631\" src=\"https:\/\/www.confere.org.br\/wordpress\/wp-content\/uploads\/2023\/07\/602C459A-A2E7-4A47-81F2-16930911826A.jpeg\" alt=\"\" width=\"828\" height=\"1413\" srcset=\"https:\/\/www.confere.org.br\/wordpress\/wp-content\/uploads\/2023\/07\/602C459A-A2E7-4A47-81F2-16930911826A.jpeg 828w, https:\/\/www.confere.org.br\/wordpress\/wp-content\/uploads\/2023\/07\/602C459A-A2E7-4A47-81F2-16930911826A-176x300.jpeg 176w, https:\/\/www.confere.org.br\/wordpress\/wp-content\/uploads\/2023\/07\/602C459A-A2E7-4A47-81F2-16930911826A-600x1024.jpeg 600w, https:\/\/www.confere.org.br\/wordpress\/wp-content\/uploads\/2023\/07\/602C459A-A2E7-4A47-81F2-16930911826A-768x1311.jpeg 768w\" sizes=\"(max-width: 828px) 100vw, 828px\" \/><\/p>\n<p>J\u00e1 o presidente do Sindicato dos Representantes Comerciais (Sirecom MT), Alan Cosine, destacou a import\u00e2ncia do apoio das autoridades ao evento. &#8220;Fico muito feliz pelas autoridades estarem nos apoiando nesse evento maravilhoso. Somos uma classe que luta bastante e que sai todos os dias de casa sem saber como vai ser o final do dia. O representante \u00e9 o maior camale\u00e3o que existe, ele come\u00e7a o dia dizendo que vai tirar o um pedido de produto, n\u00e3o sabendo pra quem, mas temos a certeza de que algu\u00e9m vai comprar esse produto&#8221;, ressaltou.<\/p>\n<p><img class=\"alignnone size-full wp-image-11632\" src=\"https:\/\/www.confere.org.br\/wordpress\/wp-content\/uploads\/2023\/07\/95E5B973-1652-42FC-BD0A-C6FDD9C903E3.jpeg\" alt=\"\" width=\"1080\" height=\"1920\" srcset=\"https:\/\/www.confere.org.br\/wordpress\/wp-content\/uploads\/2023\/07\/95E5B973-1652-42FC-BD0A-C6FDD9C903E3.jpeg 1080w, https:\/\/www.confere.org.br\/wordpress\/wp-content\/uploads\/2023\/07\/95E5B973-1652-42FC-BD0A-C6FDD9C903E3-169x300.jpeg 169w, https:\/\/www.confere.org.br\/wordpress\/wp-content\/uploads\/2023\/07\/95E5B973-1652-42FC-BD0A-C6FDD9C903E3-576x1024.jpeg 576w, https:\/\/www.confere.org.br\/wordpress\/wp-content\/uploads\/2023\/07\/95E5B973-1652-42FC-BD0A-C6FDD9C903E3-768x1365.jpeg 768w, https:\/\/www.confere.org.br\/wordpress\/wp-content\/uploads\/2023\/07\/95E5B973-1652-42FC-BD0A-C6FDD9C903E3-864x1536.jpeg 864w\" sizes=\"(max-width: 1080px) 100vw, 1080px\" \/><\/p>\n<p>Para os representantes comerciais, a Femoda MT \u00e9 uma oportunidade \u00fanica de neg\u00f3cios. &#8220;Participo da feira desde a primeira edi\u00e7\u00e3o e fa\u00e7o parte da Associa\u00e7\u00e3o dos Representantes Comerciais de Mato Grosso (Assorep). Essa \u00e9 uma oportunidade \u00fanica para n\u00f3s. As feiras diminuem nosso tempo de estrada e reunir todas as marcas no mesmo espa\u00e7o, otimizando a compra e ainda ofertando condi\u00e7\u00f5es diferenciadas. S\u00f3 temos a ganhar.&#8221;, ressaltou Kener Belo, representante comercial filiado ao Core-MT.<\/p>\n<p>O evento est\u00e1 sendo realizado no Hotel Fazenda Mato Grosso e segue at\u00e9 o dia 29 de julho.<\/p>\n<p>Fonte: Core-MT<\/p>\n","protected":false},"excerpt":{"rendered":"<p>A 13\u00aa edi\u00e7\u00e3o feira que re\u00fane as maiores marcas de confec\u00e7\u00e3o, cal\u00e7ado e acess\u00f3rios, come\u00e7ou nesta quinta-feira, dia 26<\/p>\n","protected":false},"author":7,"featured_media":11629,"comment_status":"closed","ping_status":"closed","sticky":false,"template":"","format":"standard","meta":[],"categories":[34,49],"tags":[],"_links":{"self":[{"href":"https:\/\/www.confere.org.br\/wordpress\/wp-json\/wp\/v2\/posts\/11628"}],"collection":[{"href":"https:\/\/www.confere.org.br\/wordpress\/wp-json\/wp\/v2\/posts"}],"about":[{"href":"https:\/\/www.confere.org.br\/wordpress\/wp-json\/wp\/v2\/types\/post"}],"author":[{"embeddable":true,"href":"https:\/\/www.confere.org.br\/wordpress\/wp-json\/wp\/v2\/users\/7"}],"replies":[{"embeddable":true,"href":"https:\/\/www.confere.org.br\/wordpress\/wp-json\/wp\/v2\/comments?post=11628"}],"version-history":[{"count":1,"href":"https:\/\/www.confere.org.br\/wordpress\/wp-json\/wp\/v2\/posts\/11628\/revisions"}],"predecessor-version":[{"id":11633,"href":"https:\/\/www.confere.org.br\/wordpress\/wp-json\/wp\/v2\/posts\/11628\/revisions\/11633"}],"wp:featuredmedia":[{"embeddable":true,"href":"https:\/\/www.confere.org.br\/wordpress\/wp-json\/wp\/v2\/media\/11629"}],"wp:attachment":[{"href":"https:\/\/www.confere.org.br\/wordpress\/wp-json\/wp\/v2\/media?parent=11628"}],"wp:term":[{"taxonomy":"category","embeddable":true,"href":"https:\/\/www.confere.org.br\/wordpress\/wp-json\/wp\/v2\/categories?post=11628"},{"taxonomy":"post_tag","embeddable":true,"href":"https:\/\/www.confere.org.br\/wordpress\/wp-json\/wp\/v2\/tags?post=11628"}],"curies":[{"name":"wp","href":"https:\/\/api.w.org\/{rel}","templated":true}]}}