{"id":11634,"date":"2023-07-28T18:28:29","date_gmt":"2023-07-28T21:28:29","guid":{"rendered":"https:\/\/www.confere.org.br\/wordpress\/?p=11634"},"modified":"2023-07-28T18:28:31","modified_gmt":"2023-07-28T21:28:31","slug":"core-am-adequacao-das-atividades-na-area-de-tecnologia-da-informacao","status":"publish","type":"post","link":"https:\/\/www.confere.org.br\/wordpress\/core-am-adequacao-das-atividades-na-area-de-tecnologia-da-informacao\/","title":{"rendered":"Core-AM: adequa\u00e7\u00e3o das atividades na \u00e1rea de Tecnologia da Informa\u00e7\u00e3o\u00a0"},"content":{"rendered":"\n<p>Nesta semana, os colaboradores do Confere Andr\u00e9 Nery, gerente geral de Tecnologia da Informa\u00e7\u00e3o, e Raphael Moreira, assessor do setor de Suporte Tecnologia e Infraestrutura, estiveram na sede do Core-AM, para avaliar e ajustar as atividades do Regional, na \u00e1rea de Tecnologia da Informa\u00e7\u00e3o.\u00a0<\/p>\n<p>&#8220;Como parte do processo de transforma\u00e7\u00e3o digital, que vem ocorrendo no Sistema Confere\/Cores, por incentivo da Diretoria Executiva do Confere, fizemos um levantamento e melhorias na infraestrutura de rede e equipamentos do Core-AM. Tamb\u00e9m prestamos assessoria t\u00e9cnica para implementa\u00e7\u00e3o de softwares e aplicamos um treinamento do Sistema Gerenti aos colaboradores do Conselho&#8221;, explicou Andr\u00e9 Nery.<\/p>\n<p>\u00a0<\/p>\n\n\n","protected":false},"excerpt":{"rendered":"<p>Regional busca melhorias na governan\u00e7a de tecnologia da informa\u00e7\u00e3o<\/p>\n","protected":false},"author":3,"featured_media":11635,"comment_status":"closed","ping_status":"closed","sticky":false,"template":"","format":"standard","meta":[],"categories":[34,49,17],"tags":[],"_links":{"self":[{"href":"https:\/\/www.confere.org.br\/wordpress\/wp-json\/wp\/v2\/posts\/11634"}],"collection":[{"href":"https:\/\/www.confere.org.br\/wordpress\/wp-json\/wp\/v2\/posts"}],"about":[{"href":"https:\/\/www.confere.org.br\/wordpress\/wp-json\/wp\/v2\/types\/post"}],"author":[{"embeddable":true,"href":"https:\/\/www.confere.org.br\/wordpress\/wp-json\/wp\/v2\/users\/3"}],"replies":[{"embeddable":true,"href":"https:\/\/www.confere.org.br\/wordpress\/wp-json\/wp\/v2\/comments?post=11634"}],"version-history":[{"count":1,"href":"https:\/\/www.confere.org.br\/wordpress\/wp-json\/wp\/v2\/posts\/11634\/revisions"}],"predecessor-version":[{"id":11636,"href":"https:\/\/www.confere.org.br\/wordpress\/wp-json\/wp\/v2\/posts\/11634\/revisions\/11636"}],"wp:featuredmedia":[{"embeddable":true,"href":"https:\/\/www.confere.org.br\/wordpress\/wp-json\/wp\/v2\/media\/11635"}],"wp:attachment":[{"href":"https:\/\/www.confere.org.br\/wordpress\/wp-json\/wp\/v2\/media?parent=11634"}],"wp:term":[{"taxonomy":"category","embeddable":true,"href":"https:\/\/www.confere.org.br\/wordpress\/wp-json\/wp\/v2\/categories?post=11634"},{"taxonomy":"post_tag","embeddable":true,"href":"https:\/\/www.confere.org.br\/wordpress\/wp-json\/wp\/v2\/tags?post=11634"}],"curies":[{"name":"wp","href":"https:\/\/api.w.org\/{rel}","templated":true}]}}